{"id":3179,"date":"2025-04-20T10:11:36","date_gmt":"2025-04-20T10:11:36","guid":{"rendered":"https:\/\/ruthmann.de\/le-service-delagage-gerlach-recoit-un-nouveau-ruthmann-steiger-tbr-260\/"},"modified":"2026-04-29T07:55:39","modified_gmt":"2026-04-29T07:55:39","slug":"le-service-delagage-gerlach-recoit-un-nouveau-ruthmann-steiger-tbr-260","status":"publish","type":"post","link":"https:\/\/ruthmann.de\/fr\/le-service-delagage-gerlach-recoit-un-nouveau-ruthmann-steiger-tbr-260\/","title":{"rendered":"Le service d&rsquo;\u00e9lagage Gerlach re\u00e7oit un nouveau RUTHMANN STEIGER\u00ae TBR 260"},"content":{"rendered":"\n<p>Pour un abattage pr\u00e9cis des arbres dans toutes les situations, un entretien professionnel et appropri\u00e9 des arbres, il faut une technique fiable. C?est pourquoi nous venons de remettre \u00e0 la soci\u00e9t\u00e9 <strong>d?\u00e9lagage Gerlach<\/strong> un nouveau <strong>RUTHMANNSTEIGER\u00ae<\/strong><strong> TBR 260<\/strong> &#8211; et donc la solution parfaite pour les travaux exigeants en hauteur.<\/p>\n\n<p>La remise a \u00e9t\u00e9 effectu\u00e9e par notre responsable des exportations, Marius Wiesmann. Du c\u00f4t\u00e9 de la soci\u00e9t\u00e9 Gerlach, Matthias Gerlach (propri\u00e9taire senior), Noah Gerlach (junior) et Jan Wiemer ont personnellement r\u00e9ceptionn\u00e9 le nouvel appareil.<\/p>\n\n<p>Avec une <strong>hauteur de travail de 26 m<\/strong>, <strong>une port\u00e9e de 17 m<\/strong> et une <strong>charge en panier de 250 kg<\/strong>, le TBR 260 est fait pour le travail quotidien d&rsquo;abattage et d&rsquo;entretien des arbres. Equip\u00e9 du <strong>cockpit<\/strong> innovant <strong>RUTHMANN avec \u00e9cran<\/strong>, d?un <strong>bras de grue R\u00dcSSEL\u00ae pivotant \u00e0 185\u00b0<\/strong>, de gyrophares et de la possibilit\u00e9 d?effectuer plusieurs mouvements simultan\u00e9ment, le TBR 260 est synonyme d?efficacit\u00e9 maximale et de s\u00e9curit\u00e9 maximale sur le lieu d?intervention.<\/p>\n\n<p>Le principe modulaire, la construction robuste et la simplicit\u00e9 d&rsquo;utilisation font du TBR 260 un v\u00e9ritable atout, m\u00eame pour les acc\u00e8s \u00e9troits ou les terrains sensibles.<\/p>\n\n<p>Nous remercions chaleureusement la soci\u00e9t\u00e9 Gerlach pour sa confiance et lui souhaitons des interventions s\u00fbres et r\u00e9ussies en hauteur !<\/p>\n","protected":false},"excerpt":{"rendered":"<p>Pour un abattage pr\u00e9cis des arbres dans toutes les situations, un entretien professionnel et appropri\u00e9 des arbres, il faut une technique fiable. C?est pourquoi nous venons de remettre \u00e0 la soci\u00e9t\u00e9 d?\u00e9lagage Gerlach un nouveau RUTHMANNSTEIGER\u00ae TBR 260 &#8211; et donc la solution parfaite pour les travaux exigeants en hauteur. La remise a \u00e9t\u00e9 effectu\u00e9e [&hellip;]<\/p>\n","protected":false},"author":3,"featured_media":3186,"comment_status":"open","ping_status":"open","sticky":false,"template":"","format":"standard","meta":{"_acf_changed":false,"footnotes":""},"categories":[158],"tags":[],"class_list":["post-3179","post","type-post","status-publish","format-standard","has-post-thumbnail","hentry","category-actualites"],"acf":[],"_links":{"self":[{"href":"https:\/\/ruthmann.de\/fr\/wp-json\/wp\/v2\/posts\/3179","targetHints":{"allow":["GET"]}}],"collection":[{"href":"https:\/\/ruthmann.de\/fr\/wp-json\/wp\/v2\/posts"}],"about":[{"href":"https:\/\/ruthmann.de\/fr\/wp-json\/wp\/v2\/types\/post"}],"author":[{"embeddable":true,"href":"https:\/\/ruthmann.de\/fr\/wp-json\/wp\/v2\/users\/3"}],"replies":[{"embeddable":true,"href":"https:\/\/ruthmann.de\/fr\/wp-json\/wp\/v2\/comments?post=3179"}],"version-history":[{"count":2,"href":"https:\/\/ruthmann.de\/fr\/wp-json\/wp\/v2\/posts\/3179\/revisions"}],"predecessor-version":[{"id":3198,"href":"https:\/\/ruthmann.de\/fr\/wp-json\/wp\/v2\/posts\/3179\/revisions\/3198"}],"wp:featuredmedia":[{"embeddable":true,"href":"https:\/\/ruthmann.de\/fr\/wp-json\/wp\/v2\/media\/3186"}],"wp:attachment":[{"href":"https:\/\/ruthmann.de\/fr\/wp-json\/wp\/v2\/media?parent=3179"}],"wp:term":[{"taxonomy":"category","embeddable":true,"href":"https:\/\/ruthmann.de\/fr\/wp-json\/wp\/v2\/categories?post=3179"},{"taxonomy":"post_tag","embeddable":true,"href":"https:\/\/ruthmann.de\/fr\/wp-json\/wp\/v2\/tags?post=3179"}],"curies":[{"name":"wp","href":"https:\/\/api.w.org\/{rel}","templated":true}]}}