{"id":3224,"date":"2025-04-29T10:14:12","date_gmt":"2025-04-29T10:14:12","guid":{"rendered":"https:\/\/ruthmann.de\/journees-allemandes-de-larboriculture-a-augsbourg-venez-nous-rendre-visite-du-6-au-8-mai-2025\/"},"modified":"2026-04-29T07:55:39","modified_gmt":"2026-04-29T07:55:39","slug":"journees-allemandes-de-larboriculture-a-augsbourg-venez-nous-rendre-visite-du-6-au-8-mai-2025","status":"publish","type":"post","link":"https:\/\/ruthmann.de\/fr\/journees-allemandes-de-larboriculture-a-augsbourg-venez-nous-rendre-visite-du-6-au-8-mai-2025\/","title":{"rendered":"Journ\u00e9es allemandes de l&rsquo;arboriculture \u00e0 Augsbourg &#8211; Venez nous rendre visite du 6 au 8 mai 2025 !"},"content":{"rendered":"\n<p>Cette ann\u00e9e encore, RUTHMANN sera pr\u00e9sent aux journ\u00e9es allemandes de l&rsquo;arboriculture, du 6 au 8 mai 2025, \u00e0 Augsbourg. Vous nous trouverez au stand <strong>D1-2<\/strong> &#8211; nous nous r\u00e9jouissons de votre visite ! <\/p>\n\n<h3 class=\"wp-block-heading\"><strong>En vedette : Le STEIGER\u00ae T 300 XS avec \u00e9quipement d&rsquo;\u00e9lagage<\/strong><\/h3>\n\n<figure class=\"wp-block-image\"><img decoding=\"async\" src=\"https:\/\/www.ruthmann.de\/sites\/default\/files\/styles\/content\/public\/2025-04\/RUTHMANN_STEIGER_T_300_XS_Baumpflegeausstattung.jpg?itok=7tI_gOGn\" alt=\"STEIGER RUTHMANN T 300 XS avec &#xE9;quipement d'&#xE9;lagage tel que panier d'&#xE9;lagage et grille de protection de toit\"\/><\/figure>\n\n<p>Avec une longueur de seulement 7,59 m\u00e8tres, le <a href=\"https:\/\/www.ruthmann.de\/arbeitsbuehnen\/lkw\/steiger\/t300xs\">T 300 XS<\/a> est la nacelle \u00e9l\u00e9vatrice de 30 m\u00e8tres la plus compacte du march\u00e9 sur un ch\u00e2ssis de 7,49 tonnes. Elle est \u00e9quip\u00e9e d&rsquo;<strong>un \u00e9quipement<\/strong> sp\u00e9cial <strong>pour l&rsquo;\u00e9lagage<\/strong>, notamment d&rsquo;une <strong>grille de protection sur le toit<\/strong> et d&rsquo;une <strong>nacelle particuli\u00e8rement \u00e9troite avec un poste de pilotage surbaiss\u00e9<\/strong> pour un travail pr\u00e9cis dans les branches. Avec une port\u00e9e allant jusqu&rsquo;\u00e0 23 m\u00e8tres, le T 300 XS offre une flexibilit\u00e9 maximale tout en \u00e9tant tr\u00e8s stable et s\u00fbr &#8211; <strong>id\u00e9al pour les travaux d&rsquo;\u00e9lagage<\/strong>.  <\/p>\n\n<p>Et le meilleur : <strong>le v\u00e9hicule expos\u00e9 est disponible imm\u00e9diatement !<\/strong><\/p>\n\n<h3 class=\"wp-block-heading\"><strong>BLUELIFT SA 18 &#8211; \u00c9dition sp\u00e9ciale \u00ab\u00a0vert arboricole<\/strong><\/h3>\n\n<figure class=\"wp-block-image\"><img decoding=\"async\" src=\"https:\/\/www.ruthmann.de\/sites\/default\/files\/styles\/content\/public\/2025-04\/Deutsche%20Baumpflegetage%20BLUELIFT%20SA%2018%20HB.png?itok=40tl7loK\" alt=\"BLUELIFT SA 18 HB\"\/><\/figure>\n\n<p>Gr\u00e2ce \u00e0 son faible poids, la <a href=\"https:\/\/www.ruthmann.de\/arbeitsbuehnen\/ketten\/bluelift\/sa18hb\">nacelle \u00e9l\u00e9vatrice compacte sur chenilles, d&rsquo;une hauteur de travail de 18 m<\/a>, est id\u00e9ale pour les zones sensibles, que ce soit dans les parcs, les cours int\u00e9rieures, en int\u00e9rieur ou sur les terrains difficiles. La <strong>peinture verte sp\u00e9ciale<\/strong> souligne son utilisation : <strong>l&rsquo;entretien des arbres dans sa forme la plus compacte<\/strong>. Cette machine est \u00e9galement <strong>disponible imm\u00e9diatement.<\/strong>  <\/p>\n\n<h3 class=\"wp-block-heading\">D\u00e9couvrez l&rsquo;ensemble de notre gamme de produits<\/h3>\n\n<p>Nous vous conseillons volontiers sur notre vaste gamme de produits : nacelles sur camion des marques STEIGER\u00ae, ECOLINE, VERSALIFT\u00ae, France El\u00e9vateur, MOVEX ainsi que des nacelles sur chenilles BLUELIFT.<\/p>\n\n<h3 class=\"wp-block-heading\"><strong>Votre billet gratuit pour le salon vous attend !<\/strong><\/h3>\n\n<p>Vous souhaitez nous rendre visite \u00e0 Augsbourg et vous n&rsquo;avez pas encore de billet ? Nous vous invitons cordialement ! Il vous suffit de remplir notre formulaire de contact et de vous assurer <strong>un billet d&rsquo;une journ\u00e9e gratuit pour vous et une personne qui vous accompagne<\/strong>.  <\/p>\n\n<p><\/p>\n","protected":false},"excerpt":{"rendered":"<p>Cette ann\u00e9e encore, RUTHMANN sera pr\u00e9sent aux journ\u00e9es allemandes de l&rsquo;arboriculture, du 6 au 8 mai 2025, \u00e0 Augsbourg. Vous nous trouverez au stand D1-2 &#8211; nous nous r\u00e9jouissons de votre visite ! En vedette : Le STEIGER\u00ae T 300 XS avec \u00e9quipement d&rsquo;\u00e9lagage Avec une longueur de seulement 7,59 m\u00e8tres, le T 300 XS [&hellip;]<\/p>\n","protected":false},"author":3,"featured_media":3233,"comment_status":"open","ping_status":"open","sticky":false,"template":"","format":"standard","meta":{"_acf_changed":false,"footnotes":""},"categories":[158],"tags":[],"class_list":["post-3224","post","type-post","status-publish","format-standard","has-post-thumbnail","hentry","category-actualites"],"acf":[],"_links":{"self":[{"href":"https:\/\/ruthmann.de\/fr\/wp-json\/wp\/v2\/posts\/3224","targetHints":{"allow":["GET"]}}],"collection":[{"href":"https:\/\/ruthmann.de\/fr\/wp-json\/wp\/v2\/posts"}],"about":[{"href":"https:\/\/ruthmann.de\/fr\/wp-json\/wp\/v2\/types\/post"}],"author":[{"embeddable":true,"href":"https:\/\/ruthmann.de\/fr\/wp-json\/wp\/v2\/users\/3"}],"replies":[{"embeddable":true,"href":"https:\/\/ruthmann.de\/fr\/wp-json\/wp\/v2\/comments?post=3224"}],"version-history":[{"count":2,"href":"https:\/\/ruthmann.de\/fr\/wp-json\/wp\/v2\/posts\/3224\/revisions"}],"predecessor-version":[{"id":3243,"href":"https:\/\/ruthmann.de\/fr\/wp-json\/wp\/v2\/posts\/3224\/revisions\/3243"}],"wp:featuredmedia":[{"embeddable":true,"href":"https:\/\/ruthmann.de\/fr\/wp-json\/wp\/v2\/media\/3233"}],"wp:attachment":[{"href":"https:\/\/ruthmann.de\/fr\/wp-json\/wp\/v2\/media?parent=3224"}],"wp:term":[{"taxonomy":"category","embeddable":true,"href":"https:\/\/ruthmann.de\/fr\/wp-json\/wp\/v2\/categories?post=3224"},{"taxonomy":"post_tag","embeddable":true,"href":"https:\/\/ruthmann.de\/fr\/wp-json\/wp\/v2\/tags?post=3224"}],"curies":[{"name":"wp","href":"https:\/\/api.w.org\/{rel}","templated":true}]}}