{"id":3266,"date":"2025-03-07T14:31:16","date_gmt":"2025-03-07T14:31:16","guid":{"rendered":"https:\/\/ruthmann.de\/time-manufacturing-annonce-one-europe-pour-mieux-servir-ses-clients\/"},"modified":"2026-04-29T07:55:39","modified_gmt":"2026-04-29T07:55:39","slug":"time-manufacturing-annonce-one-europe-pour-mieux-servir-ses-clients","status":"publish","type":"post","link":"https:\/\/ruthmann.de\/fr\/time-manufacturing-annonce-one-europe-pour-mieux-servir-ses-clients\/","title":{"rendered":"Time Manufacturing annonce \u00ab\u00a0One Europe\u00a0\u00bb pour mieux servir ses clients"},"content":{"rendered":"\n<ul class=\"wp-block-list\">\n<li>Les marques \u00e9tablies op\u00e9reront sous une direction europ\u00e9enne unique<\/li>\n\n\n\n<li>Un engagement accru en faveur de la r\u00e9ussite des clients, de l&rsquo;innovation et de l&rsquo;excellence op\u00e9rationnelle<\/li>\n<\/ul>\n\n<p><strong>Dallas et D\u00fcsseldorf, le 6 mars 2025 <\/strong>&#8211; Time Manufacturing Company (\u00ab\u00a0Time\u00a0\u00bb ou la \u00ab\u00a0Soci\u00e9t\u00e9\u00a0\u00bb), fabricant mondial de plates-formes \u00e9l\u00e9vatrices embarqu\u00e9es et d&rsquo;\u00e9quipements sp\u00e9cialis\u00e9s pour les industries bas\u00e9es sur les flottes, est fier d&rsquo;annoncer \u00ab\u00a0One Europe\u00a0\u00bb, une \u00e9tape importante dans sa strat\u00e9gie de croissance europ\u00e9enne. Avec effet imm\u00e9diat, les marques \u00e9tablies de Time &#8211; Ruthmann, Versalift, France El\u00e9vateur et Movex &#8211; op\u00e9reront sous une direction organisationnelle europ\u00e9enne centralis\u00e9e. Alors que chaque marque conservera sa propre identit\u00e9 et sa pr\u00e9sence sur le march\u00e9 afin d&rsquo;assurer la continuit\u00e9 pour les clients, cette orientation strat\u00e9gique permettra d&rsquo;am\u00e9liorer la collaboration, de rationaliser les op\u00e9rations et de renforcer l&rsquo;engagement de Time envers un service client exceptionnel, la qualit\u00e9 des produits et l&rsquo;innovation. L&rsquo;objectif est de renforcer l&rsquo;orientation client.<\/p>\n\n<div class=\"wp-block-columns is-layout-flex wp-container-core-columns-is-layout-28f84493 wp-block-columns-is-layout-flex\">\n<div class=\"wp-block-column is-layout-flow wp-block-column-is-layout-flow\">\n<div class=\"wp-block-columns is-layout-flex wp-container-core-columns-is-layout-28f84493 wp-block-columns-is-layout-flex\">\n<div class=\"wp-block-column is-layout-flow wp-block-column-is-layout-flow\" style=\"flex-basis:66.66%\">\n<p>En int\u00e9grant l&rsquo;expertise de l&rsquo;ensemble des bureaux europ\u00e9ens de Time, une \u00e9quipe de direction europ\u00e9enne centrale supervisera les fonctions techniques, de service et commerciales, garantissant ainsi une plus grande efficacit\u00e9, une meilleure r\u00e9activit\u00e9 et une exp\u00e9rience client am\u00e9lior\u00e9e.  <\/p>\n\n\n\n<p><strong>Roman Rariy<\/strong>, PDG de Time, a d\u00e9clar\u00e9 : \u00ab\u00a0En tant que leader du march\u00e9, nous continuons \u00e0 \u00e9tablir la norme en mati\u00e8re de service, d&rsquo;innovation et de fiabilit\u00e9\u00a0\u00bb. Il a ajout\u00e9 : \u00ab\u00a0One Europe renforce notre capacit\u00e9 \u00e0 servir les clients en combinant la force d&rsquo;une \u00e9quipe unifi\u00e9e et la familiarit\u00e9 des marques qu&rsquo;ils connaissent et en lesquelles ils ont confiance\u00a0\u00bb.  <\/p>\n<\/div>\n\n\n\n<div class=\"wp-block-column is-layout-flow wp-block-column-is-layout-flow\" style=\"flex-basis:33.33%\">\n<figure class=\"wp-block-image size-full\"><img fetchpriority=\"high\" decoding=\"async\" width=\"300\" height=\"300\" src=\"https:\/\/ruthmann.de\/wp-content\/uploads\/2025\/04\/Roman_Rariy_CEO_TIME_Manufacturing_Company-1.png\" alt=\"\" class=\"wp-image-1288\" srcset=\"https:\/\/ruthmann.de\/wp-content\/uploads\/2025\/04\/Roman_Rariy_CEO_TIME_Manufacturing_Company-1.png 300w, https:\/\/ruthmann.de\/wp-content\/uploads\/2025\/04\/Roman_Rariy_CEO_TIME_Manufacturing_Company-1-150x150.png 150w\" sizes=\"(max-width: 300px) 100vw, 300px\" \/><\/figure>\n<\/div>\n<\/div>\n<\/div>\n<\/div>\n\n<h2 class=\"wp-block-heading\">Am\u00e9lioration des processus pour un meilleur service et une meilleure livraison<\/h2>\n\n<div class=\"wp-block-columns is-layout-flex wp-container-core-columns-is-layout-28f84493 wp-block-columns-is-layout-flex\">\n<div class=\"wp-block-column is-layout-flow wp-block-column-is-layout-flow\" style=\"flex-basis:66.66%\">\n<p>Afin d&rsquo;optimiser ses performances dans toute l&rsquo;Europe, Time regroupe ses activit\u00e9s europ\u00e9ennes sous une seule structure de gestion. Les clients de Time b\u00e9n\u00e9ficieront de cette int\u00e9gration gr\u00e2ce \u00e0 un meilleur service client, une plus grande disponibilit\u00e9 des produits et des d\u00e9lais de livraison plus courts, tout en b\u00e9n\u00e9ficiant de solutions innovantes adapt\u00e9es \u00e0 leurs besoins sp\u00e9cifiques.  <\/p>\n\n\n\n<p><strong>Marcus Goncalves<\/strong>, Global Chief Operating Officer de Time, a soulign\u00e9 : \u00ab\u00a0En centralisant la coordination des op\u00e9rations au niveau europ\u00e9en, nous garantissons un niveau de service \u00e9lev\u00e9, des livraisons fiables, une qualit\u00e9 constante et des innovations agiles pour toutes nos marques et tous nos march\u00e9s\u00a0\u00bb.  <\/p>\n<\/div>\n\n\n\n<div class=\"wp-block-column is-layout-flow wp-block-column-is-layout-flow\" style=\"flex-basis:33.33%\">\n<figure class=\"wp-block-image size-full\"><img decoding=\"async\" width=\"300\" height=\"300\" src=\"https:\/\/ruthmann.de\/wp-content\/uploads\/2025\/04\/Marcus_Goncalves_COO_TIME_Manufacturing_Company.png\" alt=\"\" class=\"wp-image-1287\" srcset=\"https:\/\/ruthmann.de\/wp-content\/uploads\/2025\/04\/Marcus_Goncalves_COO_TIME_Manufacturing_Company.png 300w, https:\/\/ruthmann.de\/wp-content\/uploads\/2025\/04\/Marcus_Goncalves_COO_TIME_Manufacturing_Company-150x150.png 150w\" sizes=\"(max-width: 300px) 100vw, 300px\" \/><\/figure>\n<\/div>\n<\/div>\n\n<h2 class=\"wp-block-heading\">Uwe Strotmann est nomm\u00e9 Chief Commercial Officer (CCO) pour Time Europe  <\/h2>\n\n<div class=\"wp-block-columns is-layout-flex wp-container-core-columns-is-layout-28f84493 wp-block-columns-is-layout-flex\">\n<div class=\"wp-block-column is-layout-flow wp-block-column-is-layout-flow\" style=\"flex-basis:66.66%\">\n<p>Dans le cadre de \u00ab\u00a0One Europe\u00a0\u00bb, Time a annonc\u00e9 la nomination d&rsquo;Uwe Strotmann, v\u00e9t\u00e9ran de l&rsquo;entreprise, au poste de Chief Commercial Officer (CCO) pour Time Europe. Avec plus de 30 ans d&rsquo;exp\u00e9rience dans le secteur, Uwe Strotmann dirigera les ventes, le marketing, la gestion des produits et des marques afin de s&rsquo;assurer que les offres de Time \u00e9voluent constamment et r\u00e9pondent aux attentes des clients.  <\/p>\n\n\n\n<p><strong>M. Strotmann<\/strong> a comment\u00e9 : \u00ab\u00a0Je me r\u00e9jouis de cette nouvelle mission et de travailler avec nos \u00e9quipes pour am\u00e9liorer la satisfaction des clients. Ensemble, nous continuerons \u00e0 proposer des solutions d&rsquo;acc\u00e8s en hauteur \u00e0 la pointe de l&rsquo;industrie, adapt\u00e9es aux besoins du march\u00e9\u00a0\u00bb.  <\/p>\n<\/div>\n\n\n\n<div class=\"wp-block-column is-layout-flow wp-block-column-is-layout-flow\" style=\"flex-basis:33.33%\">\n<figure class=\"wp-block-image size-full\"><img decoding=\"async\" width=\"924\" height=\"924\" src=\"https:\/\/ruthmann.de\/wp-content\/uploads\/2025\/04\/Uwe_Strotmann_CCO_TIME_Manufacturing_Company.jpg\" alt=\"\" class=\"wp-image-1289\" srcset=\"https:\/\/ruthmann.de\/wp-content\/uploads\/2025\/04\/Uwe_Strotmann_CCO_TIME_Manufacturing_Company.jpg 924w, https:\/\/ruthmann.de\/wp-content\/uploads\/2025\/04\/Uwe_Strotmann_CCO_TIME_Manufacturing_Company-300x300.jpg 300w, https:\/\/ruthmann.de\/wp-content\/uploads\/2025\/04\/Uwe_Strotmann_CCO_TIME_Manufacturing_Company-150x150.jpg 150w, https:\/\/ruthmann.de\/wp-content\/uploads\/2025\/04\/Uwe_Strotmann_CCO_TIME_Manufacturing_Company-768x768.jpg 768w\" sizes=\"(max-width: 924px) 100vw, 924px\" \/><\/figure>\n<\/div>\n<\/div>\n\n<p>Cette \u00e9tape marque une nouvelle \u00e8re pour Time Europe et souligne son engagement en faveur de l&rsquo;innovation, de l&rsquo;excellence op\u00e9rationnelle et de la r\u00e9ussite de ses clients.<\/p>\n\n<p>Time attend avec impatience ce prochain chapitre !  <\/p>\n\n<p>___________________________________<\/p>\n\n<p><strong>Time Manufacturing Company<\/strong> est un fabricant mondial de plates-formes \u00e9l\u00e9vatrices mont\u00e9es sur v\u00e9hicule et d&rsquo;\u00e9quipements sp\u00e9cialis\u00e9s pour les industries bas\u00e9es sur les flottes. Par l&rsquo;interm\u00e9diaire de Versalift, France El\u00e9vateur, Movex, Ruthmann, BrandFX et Aspen Aerials, la soci\u00e9t\u00e9 propose des nacelles sur camion, des nacelles sur chenilles et d&rsquo;autres solutions sp\u00e9cialis\u00e9es. Time Manufacturing op\u00e8re dans plus de 100 pays et emploie plus de 2 400 personnes dans le monde, dont environ 1 300 en Europe.<br\/>___________________________________<\/p>\n\n<p><\/p>\n","protected":false},"excerpt":{"rendered":"<p>Dallas et D\u00fcsseldorf, le 6 mars 2025 &#8211; Time Manufacturing Company (\u00ab\u00a0Time\u00a0\u00bb ou la \u00ab\u00a0Soci\u00e9t\u00e9\u00a0\u00bb), fabricant mondial de plates-formes \u00e9l\u00e9vatrices embarqu\u00e9es et d&rsquo;\u00e9quipements sp\u00e9cialis\u00e9s pour les industries bas\u00e9es sur les flottes, est fier d&rsquo;annoncer \u00ab\u00a0One Europe\u00a0\u00bb, une \u00e9tape importante dans sa strat\u00e9gie de croissance europ\u00e9enne. Avec effet imm\u00e9diat, les marques \u00e9tablies de Time &#8211; Ruthmann, [&hellip;]<\/p>\n","protected":false},"author":3,"featured_media":3270,"comment_status":"open","ping_status":"open","sticky":false,"template":"","format":"standard","meta":{"_acf_changed":false,"footnotes":""},"categories":[158],"tags":[176,177,175,174,178],"class_list":["post-3266","post","type-post","status-publish","format-standard","has-post-thumbnail","hentry","category-actualites","tag-cco","tag-coo","tag-pdg","tag-time","tag-timemanufacturingcompany"],"acf":[],"_links":{"self":[{"href":"https:\/\/ruthmann.de\/fr\/wp-json\/wp\/v2\/posts\/3266","targetHints":{"allow":["GET"]}}],"collection":[{"href":"https:\/\/ruthmann.de\/fr\/wp-json\/wp\/v2\/posts"}],"about":[{"href":"https:\/\/ruthmann.de\/fr\/wp-json\/wp\/v2\/types\/post"}],"author":[{"embeddable":true,"href":"https:\/\/ruthmann.de\/fr\/wp-json\/wp\/v2\/users\/3"}],"replies":[{"embeddable":true,"href":"https:\/\/ruthmann.de\/fr\/wp-json\/wp\/v2\/comments?post=3266"}],"version-history":[{"count":2,"href":"https:\/\/ruthmann.de\/fr\/wp-json\/wp\/v2\/posts\/3266\/revisions"}],"predecessor-version":[{"id":3279,"href":"https:\/\/ruthmann.de\/fr\/wp-json\/wp\/v2\/posts\/3266\/revisions\/3279"}],"wp:featuredmedia":[{"embeddable":true,"href":"https:\/\/ruthmann.de\/fr\/wp-json\/wp\/v2\/media\/3270"}],"wp:attachment":[{"href":"https:\/\/ruthmann.de\/fr\/wp-json\/wp\/v2\/media?parent=3266"}],"wp:term":[{"taxonomy":"category","embeddable":true,"href":"https:\/\/ruthmann.de\/fr\/wp-json\/wp\/v2\/categories?post=3266"},{"taxonomy":"post_tag","embeddable":true,"href":"https:\/\/ruthmann.de\/fr\/wp-json\/wp\/v2\/tags?post=3266"}],"curies":[{"name":"wp","href":"https:\/\/api.w.org\/{rel}","templated":true}]}}