{"id":3271,"date":"2025-02-20T07:05:47","date_gmt":"2025-02-20T07:05:47","guid":{"rendered":"https:\/\/ruthmann.de\/materiel-doccasion-tb-270-plus-pour-gartengestaltung-schulte\/"},"modified":"2026-04-29T07:55:39","modified_gmt":"2026-04-29T07:55:39","slug":"materiel-doccasion-tb-270-plus-pour-gartengestaltung-schulte","status":"publish","type":"post","link":"https:\/\/ruthmann.de\/fr\/materiel-doccasion-tb-270-plus-pour-gartengestaltung-schulte\/","title":{"rendered":"Mat\u00e9riel d&rsquo;occasion \u00ab\u00a0TB 270 plus\u00a0\u00bb pour Gartengestaltung Schulte"},"content":{"rendered":"\n<p><\/p>\n\n<p>Le LKW-STEIGER\u00ae offre une hauteur de travail de 27 m et une port\u00e9e de 14,80 m sur un ch\u00e2ssis de 3,5 tonnes.<\/p>\n\n<p>Gartengestaltung Schulte est une entreprise de ma\u00eetrise avec plus de 25 ans d&rsquo;exp\u00e9rience dans la conception de jardins ! Ils sont synonymes de cr\u00e9ativit\u00e9 et d&rsquo;expertise, de passion pour les d\u00e9tails et de fiabilit\u00e9. <\/p>\n\n<p>\u00ab\u00a0M. Schulte a d\u00e9lib\u00e9r\u00e9ment choisi RUTHMANN GmbH Autriche, car nous ne sommes pas un interm\u00e9diaire, mais le bras arm\u00e9 de notre production en Allemagne\u00a0\u00bb.<\/p>\n\n<p>RUTHMANN GmbH Autriche vous remercie pour ces belles paroles et souhaite \u00e0 la soci\u00e9t\u00e9 Gartengestaltung Schulte beaucoup de plaisir et de succ\u00e8s avec son \u00ab\u00a0nouveau\u00a0\u00bb mat\u00e9riel d?occasion RUTHMANN STEIGER\u00ae TB 270 plus.<\/p>\n\n<p><\/p>\n","protected":false},"excerpt":{"rendered":"<p>Le LKW-STEIGER\u00ae offre une hauteur de travail de 27 m et une port\u00e9e de 14,80 m sur un ch\u00e2ssis de 3,5 tonnes.<\/p>\n","protected":false},"author":3,"featured_media":3277,"comment_status":"open","ping_status":"open","sticky":false,"template":"","format":"standard","meta":{"_acf_changed":false,"footnotes":""},"categories":[158],"tags":[162,180],"class_list":["post-3271","post","type-post","status-publish","format-standard","has-post-thumbnail","hentry","category-actualites","tag-steiger","tag-tb270"],"acf":[],"_links":{"self":[{"href":"https:\/\/ruthmann.de\/fr\/wp-json\/wp\/v2\/posts\/3271","targetHints":{"allow":["GET"]}}],"collection":[{"href":"https:\/\/ruthmann.de\/fr\/wp-json\/wp\/v2\/posts"}],"about":[{"href":"https:\/\/ruthmann.de\/fr\/wp-json\/wp\/v2\/types\/post"}],"author":[{"embeddable":true,"href":"https:\/\/ruthmann.de\/fr\/wp-json\/wp\/v2\/users\/3"}],"replies":[{"embeddable":true,"href":"https:\/\/ruthmann.de\/fr\/wp-json\/wp\/v2\/comments?post=3271"}],"version-history":[{"count":2,"href":"https:\/\/ruthmann.de\/fr\/wp-json\/wp\/v2\/posts\/3271\/revisions"}],"predecessor-version":[{"id":3284,"href":"https:\/\/ruthmann.de\/fr\/wp-json\/wp\/v2\/posts\/3271\/revisions\/3284"}],"wp:featuredmedia":[{"embeddable":true,"href":"https:\/\/ruthmann.de\/fr\/wp-json\/wp\/v2\/media\/3277"}],"wp:attachment":[{"href":"https:\/\/ruthmann.de\/fr\/wp-json\/wp\/v2\/media?parent=3271"}],"wp:term":[{"taxonomy":"category","embeddable":true,"href":"https:\/\/ruthmann.de\/fr\/wp-json\/wp\/v2\/categories?post=3271"},{"taxonomy":"post_tag","embeddable":true,"href":"https:\/\/ruthmann.de\/fr\/wp-json\/wp\/v2\/tags?post=3271"}],"curies":[{"name":"wp","href":"https:\/\/api.w.org\/{rel}","templated":true}]}}