{"id":3286,"date":"2025-03-21T13:38:40","date_gmt":"2025-03-21T13:38:40","guid":{"rendered":"https:\/\/ruthmann.de\/time-europe-au-salon-bauma-2025-innovations-et-premieres-mondiales-sur-le-stand-fs-1107-9\/"},"modified":"2026-04-29T07:55:39","modified_gmt":"2026-04-29T07:55:39","slug":"time-europe-au-salon-bauma-2025-innovations-et-premieres-mondiales-sur-le-stand-fs-1107-9","status":"publish","type":"post","link":"https:\/\/ruthmann.de\/fr\/time-europe-au-salon-bauma-2025-innovations-et-premieres-mondiales-sur-le-stand-fs-1107-9\/","title":{"rendered":"TIME Europe au salon bauma 2025 &#8211; Innovations et premi\u00e8res mondiales sur le stand FS 1107\/9"},"content":{"rendered":"\n<p><\/p>\n\n<p><strong>TIME Europe<\/strong> se pr\u00e9sente \u00e0 la bauma 2025 sous le slogan <strong>\u00ab\u00a0Take your TIME\u00a0\u00bb <\/strong>et invite les visiteurs sur son stand <strong>FS 1107\/9 <\/strong>avec ses marques connues <strong>RUTHMANN, VERSALIFT, France El\u00e9vateur<\/strong> et <strong>MOVEX <\/strong>. Dans une atmosph\u00e8re d\u00e9tendue, autour d&rsquo;un caf\u00e9, de boissons froides et de canap\u00e9s, les clients et les personnes int\u00e9ress\u00e9es pourront d\u00e9couvrir la large gamme de produits de TIME Europe. <\/p>\n\n<h2 class=\"wp-block-heading\">TIME Europe &#8211; une structure claire pour une orientation maximale<\/h2>\n\n<p>TIME Europe pr\u00e9sente \u00e0 la bauma \u00e0 Munich son vaste portefeuille avec une strat\u00e9gie de marque claire.<\/p>\n\n<h2 class=\"wp-block-heading\">Premi\u00e8re mondiale : Le nouveau RUTHMANN STEIGER\u00ae T 380 XS<\/h2>\n\n<div class=\"wp-block-group is-layout-constrained wp-block-group-is-layout-constrained\">\n<div class=\"wp-block-columns is-layout-flex wp-container-core-columns-is-layout-28f84493 wp-block-columns-is-layout-flex\">\n<div class=\"wp-block-column is-layout-flow wp-block-column-is-layout-flow\" style=\"flex-basis:100%\">\n<figure class=\"wp-block-gallery has-nested-images columns-default is-cropped wp-block-gallery-1 is-layout-flex wp-block-gallery-is-layout-flex\">\n<figure class=\"wp-block-image size-large\"><img fetchpriority=\"high\" decoding=\"async\" width=\"1024\" height=\"576\" data-id=\"1276\" src=\"https:\/\/ruthmann.de\/wp-content\/uploads\/2025\/04\/24627_Ruthmannsteiger_T380Xs2_Front-1-1024x576.png\" alt=\"\" class=\"wp-image-1276\" srcset=\"https:\/\/ruthmann.de\/wp-content\/uploads\/2025\/04\/24627_Ruthmannsteiger_T380Xs2_Front-1-1024x576.png 1024w, https:\/\/ruthmann.de\/wp-content\/uploads\/2025\/04\/24627_Ruthmannsteiger_T380Xs2_Front-1-300x169.png 300w, https:\/\/ruthmann.de\/wp-content\/uploads\/2025\/04\/24627_Ruthmannsteiger_T380Xs2_Front-1-768x432.png 768w, https:\/\/ruthmann.de\/wp-content\/uploads\/2025\/04\/24627_Ruthmannsteiger_T380Xs2_Front-1-1536x864.png 1536w, https:\/\/ruthmann.de\/wp-content\/uploads\/2025\/04\/24627_Ruthmannsteiger_T380Xs2_Front-1-2048x1152.png 2048w\" sizes=\"(max-width: 1024px) 100vw, 1024px\" \/><\/figure>\n\n\n\n<figure class=\"wp-block-image size-large\"><img decoding=\"async\" width=\"1024\" height=\"576\" data-id=\"1277\" src=\"https:\/\/ruthmann.de\/wp-content\/uploads\/2025\/04\/24627_Ruthmannsteiger_T380Xs2_Rueckansicht_0-1-1024x576.png\" alt=\"\" class=\"wp-image-1277\" srcset=\"https:\/\/ruthmann.de\/wp-content\/uploads\/2025\/04\/24627_Ruthmannsteiger_T380Xs2_Rueckansicht_0-1-1024x576.png 1024w, https:\/\/ruthmann.de\/wp-content\/uploads\/2025\/04\/24627_Ruthmannsteiger_T380Xs2_Rueckansicht_0-1-300x169.png 300w, https:\/\/ruthmann.de\/wp-content\/uploads\/2025\/04\/24627_Ruthmannsteiger_T380Xs2_Rueckansicht_0-1-768x432.png 768w, https:\/\/ruthmann.de\/wp-content\/uploads\/2025\/04\/24627_Ruthmannsteiger_T380Xs2_Rueckansicht_0-1-1536x864.png 1536w, https:\/\/ruthmann.de\/wp-content\/uploads\/2025\/04\/24627_Ruthmannsteiger_T380Xs2_Rueckansicht_0-1-2048x1152.png 2048w\" sizes=\"(max-width: 1024px) 100vw, 1024px\" \/><\/figure>\n<\/figure>\n<\/div>\n<\/div>\n<\/div>\n\n<p>L?un des points forts du stand sera la premi\u00e8re mondiale du nouveau <strong>RUTHMANN STEIGER\u00ae<\/strong> <strong>T 380 XS<\/strong>. Avec ses caract\u00e9ristiques de performance uniques, ce mod\u00e8le \u00e9tablit de nouveaux standards : <\/p>\n\n<ul class=\"wp-block-list\">\n<li><strong>Xtra Short<\/strong>: longueur compacte du v\u00e9hicule de seulement <strong>8,35 m<\/strong> (4&#215;2)<\/li>\n\n\n\n<li><strong>Performance Xtra<\/strong>: <strong>DRS de s\u00e9rie<\/strong> &#8211; Jusqu&rsquo;\u00e0 <strong>8 m de port\u00e9e suppl\u00e9mentaire<\/strong> par rapport \u00e0 la concurrence \u00e0 <strong>32 m de hauteur de travail<\/strong><\/li>\n\n\n\n<li><strong>Xtra Variable<\/strong>: la tour variable permet <strong>un chargement au ras du sol et des travaux sous le plancher<\/strong><\/li>\n<\/ul>\n\n<h2 class=\"wp-block-heading\">Des points forts performants sur le stand<\/h2>\n\n<figure class=\"wp-block-image size-full\"><img decoding=\"async\" width=\"924\" height=\"520\" src=\"https:\/\/ruthmann.de\/wp-content\/uploads\/2025\/04\/2024.10.10_Ruthmann-100m-Event_0142.jpg\" alt=\"\" class=\"wp-image-1278\" srcset=\"https:\/\/ruthmann.de\/wp-content\/uploads\/2025\/04\/2024.10.10_Ruthmann-100m-Event_0142.jpg 924w, https:\/\/ruthmann.de\/wp-content\/uploads\/2025\/04\/2024.10.10_Ruthmann-100m-Event_0142-300x169.jpg 300w, https:\/\/ruthmann.de\/wp-content\/uploads\/2025\/04\/2024.10.10_Ruthmann-100m-Event_0142-768x432.jpg 768w\" sizes=\"(max-width: 924px) 100vw, 924px\" \/><\/figure>\n\n<p><em>Le nouveau RUTHMANN STEIGER\u00ae T 1000 HF peut \u00eatre test\u00e9 sur le salon.<\/em><\/p>\n\n<p>Outre la premi\u00e8re mondiale du T 380 XS, TIME Europe pr\u00e9sente d&rsquo;autres mod\u00e8les haut de gamme :<\/p>\n\n<h2 class=\"wp-block-heading\"><strong>RUTHMANN STEIGER\u00ae<\/strong><strong> T 1000 HF<\/strong><\/h2>\n\n<p>Le nouveau <strong>RUTHMANN <\/strong>STEIGER\u00aeT<strong>1000 HF<\/strong> est actuellement la plus haute nacelle sur camion du portefeuille TIME avec <strong>100 m de hauteur de travail <\/strong>et jusqu?\u00e0 <strong>39 m de port\u00e9e lat\u00e9rale<\/strong>, ainsi que la nacelle la plus flexible au monde dans ce segment, gr\u00e2ce \u00e0 son double concept \u00e9prouv\u00e9. Avec un poids \u00e0 partir de <strong>53 tonnes<\/strong>, la nacelle est environ 10 tonnes plus l\u00e9g\u00e8re que les mod\u00e8les comparables et avec une longueur totale compacte de <strong>16,35 m <\/strong>, le STEIGER\u00ae T 1000 HF est parfaitement adapt\u00e9 \u00e0 une utilisation flexible sur diff\u00e9rents projets. <\/p>\n\n<h2 class=\"wp-block-heading\"><strong>RUTHMANN STEIGER\u00ae<\/strong><strong> T 570 HF Hybride<\/strong> <\/h2>\n\n<figure class=\"wp-block-image\"><a href=\"https:\/\/www.ruthmann.de\/sites\/default\/files\/2025-03\/RUTHMANN_STEIGER_T_570_HF_Hybrid.jpg\" target=\"_blank\" rel=\"noreferrer noopener\"><img decoding=\"async\" src=\"https:\/\/www.ruthmann.de\/sites\/default\/files\/styles\/content\/public\/2025-03\/RUTHMANN_STEIGER_T_570_HF_Hybrid.jpg?itok=Bk3fX7OV\" alt=\"RUTHMANN STEIGER T 570 HF\"\/><\/a><figcaption class=\"wp-element-caption\"><em>Le nouveau RUTHMANN STEIGER\u00ae T 570 HF Hybrid donne le coup d?envoi de la commercialisation de la gamme innovante STEIGER\u00ae HF Hybride lors de la bauma.<\/em><\/figcaption><\/figure>\n\n<p>Une v\u00e9ritable innovation avec un<strong> syst\u00e8me de batterie extr\u00eamement puissant<\/strong>, unique dans cette cat\u00e9gorie et avec de telles performances. Le <strong>RUTHMANNSTEIGER\u00ae<\/strong> <strong>T 570 HF Hybrid<\/strong> <strong>\u00e9tablit de nouveaux standards<\/strong> dans la technologie hybride pour les nacelles. Particuli\u00e8rement int\u00e9ressant : il ne s?agit pas d?un seul produit, mais d?une <strong>gamme compl\u00e8te allant du T 510 HF au T 750 HF<\/strong>. D\u00e9but des ventes \u00e0 la bauma 2025 !   <\/p>\n\n<h2 class=\"wp-block-heading\"><strong>MOVEX ATL 15<\/strong> &#8211; Plate-forme de travail compacte sur <strong>Isuzu<\/strong><\/h2>\n\n<figure class=\"wp-block-image\"><a href=\"https:\/\/www.ruthmann.de\/sites\/default\/files\/2025-03\/ATL15%20%2B%20FORD%20RANGER%20-%201.jpg\" target=\"_blank\" rel=\"noreferrer noopener\"><img decoding=\"async\" src=\"https:\/\/www.ruthmann.de\/sites\/default\/files\/styles\/content\/public\/2025-03\/ATL15%20%2B%20FORD%20RANGER%20-%201.jpg?itok=n1rid1gK\" alt=\"MOVEX ATL 15 sur Ford Ranger\"\/><\/a><\/figure>\n\n<p>La MOVEX ATL 15 est id\u00e9ale pour l <strong>&lsquo;\u00e9clairage public et les travaux de maintenance<\/strong> dans les environnements ruraux et forestiers. Avec une <strong>hauteur de travail de 15 m<\/strong> et une <strong>port\u00e9e maximale de 8 m<\/strong>, cette plate-forme est extr\u00eamement flexible. Elle offre une <strong>charge de panier de 225 kg<\/strong>, de la place pour <strong>deux op\u00e9rateurs<\/strong> et une <strong>rotation de la tour de 450 degr\u00e9s<\/strong>. Gr\u00e2ce aux commandes \u00e9lectro-hydrauliques et \u00e0 de nombreux accessoires en option, tels que <strong>des compartiments \u00e0 outils, des supports d&rsquo;\u00e9chelle et un treuil frontal<\/strong>, l&rsquo;ATL 15 s&rsquo;adapte individuellement aux applications les plus diverses.   <\/p>\n\n<h2 class=\"wp-block-heading\">La nouvelle gamme MOVEX TLRx &#8211; modernit\u00e9 et rentabilit\u00e9 r\u00e9unies<\/h2>\n\n<figure class=\"wp-block-image\"><img decoding=\"async\" src=\"https:\/\/www.ruthmann.de\/sites\/default\/files\/styles\/content\/public\/2025-03\/BROCHURE%20TLRX_EN_02025_V2.jpg?itok=2ZM4RNNp\" alt=\"La nouvelle gamme MOVEX TLRx sera pr&#xE9;sent&#xE9;e en direct &#xE0; bauma 2025.\"\/><figcaption class=\"wp-element-caption\"><em>La nouvelle gamme MOVEX TLRx sera pr\u00e9sent\u00e9e en direct \u00e0 bauma 2025.<\/em><\/figcaption><\/figure>\n\n<p>Une autre nouveaut\u00e9 passionnante est la <strong>gamme MOVEX TLRx<\/strong>, sp\u00e9cialement con\u00e7ue pour les entreprises de location, les services publics et les applications polyvalentes. La gamme comprend trois mod\u00e8les avec des hauteurs de travail de pr\u00e8s de <strong>17, 18 et 20 m\u00e8tres<\/strong>, qui se distinguent par leur facilit\u00e9 d&rsquo;utilisation et leur commande intuitive. <\/p>\n\n<ul class=\"wp-block-list\">\n<li><strong>TLRx 16<\/strong>: hauteur de travail <strong>16,7 m<\/strong>, port\u00e9e maximale <strong>11,2 m<\/strong> (charge de panier 80 kg), <strong>8,9 m<\/strong> (200 kg), <strong>8,3 m<\/strong> (230 kg).<\/li>\n\n\n\n<li><strong>TLRx 18<\/strong>: hauteur de travail <strong>18 m<\/strong>, port\u00e9e maximale <strong>12,3 m<\/strong> (charge de panier 80 kg), <strong>8,6 m<\/strong> (200 kg), <strong>8 m<\/strong> (230 kg).<\/li>\n\n\n\n<li><strong>TLRx 20<\/strong>: hauteur de travail <strong>20 m<\/strong>, port\u00e9e maximale <strong>11,1 m<\/strong> (charge de panier 80 kg), <strong>7,8 m<\/strong> (200 kg), <strong>7,2 m<\/strong> (230 kg).<\/li>\n<\/ul>\n\n<p>Les trois mod\u00e8les sont \u00e9quip\u00e9s d&rsquo;une <strong>tourelle pivotant sur 450 degr\u00e9s<\/strong> et d&rsquo;un <strong>panier pivotant sur 120 degr\u00e9s<\/strong> (60 degr\u00e9s dans les deux sens). Les plateformes peuvent \u00eatre mont\u00e9es sur <strong>Iveco Daily et Renault Master<\/strong>, et \u00e0 l&rsquo;avenir sur <strong>Isuzu et Ford<\/strong>. <\/p>\n\n<p>Le TLRx 20 peut \u00eatre test\u00e9 intensivement \u00e0 la bauma.<\/p>\n\n<h2 class=\"wp-block-heading\"><strong>VERSALIFT VTL-140-F<\/strong> sur <strong>Ford E-Transit<\/strong><\/h2>\n\n<figure class=\"wp-block-image\"><a href=\"https:\/\/www.ruthmann.de\/sites\/default\/files\/2025-03\/VERSALIFT_VTL-140-F_electric.jpg\" target=\"_blank\" rel=\"noreferrer noopener\"><img decoding=\"async\" src=\"https:\/\/www.ruthmann.de\/sites\/default\/files\/styles\/content\/public\/2025-03\/VERSALIFT_VTL-140-F_electric.jpg?itok=nlcn97ye\" alt=\"VERSALIFT VTL-140-F &#xE9;lectrique\"\/><\/a><\/figure>\n\n<p>Une solution durable et innovante pour le secteur des services publics et des t\u00e9l\u00e9communications. Cette nacelle t\u00e9lescopique enti\u00e8rement \u00e9lectrique allie technologie de pointe et respect de l&rsquo;environnement, pour une efficacit\u00e9 et une s\u00e9curit\u00e9 maximales. <\/p>\n\n<h2 class=\"wp-block-heading\"><strong>France El\u00e9vateur 172 CPL &#8211; IVECO Daily 70C Hybrid<\/strong><\/h2>\n\n<figure class=\"wp-block-image\"><a href=\"https:\/\/www.ruthmann.de\/sites\/default\/files\/2025-03\/172%20CPL%20IVECO%20Daily%2070%20C%20Hybrid.png\" target=\"_blank\" rel=\"noreferrer noopener\"><img decoding=\"async\" src=\"https:\/\/www.ruthmann.de\/sites\/default\/files\/styles\/content\/public\/2025-03\/172%20CPL%20IVECO%20Daily%2070%20C%20Hybrid.png?itok=pFiRGNxJ\" alt=\"France El&#xE9;vateur 172 CPL sur IVECO Daily 70 C Hybrid\"\/><\/a><\/figure>\n\n<p>Le France El\u00e9vateur 172 CPL sur IVECO Daily 70 C Hybrid est un mod\u00e8le blue impact polyvalent. Il offre un chariot d&rsquo;atelier personnalisable avec une charge utile de plus de 1,5 tonne et une grande flexibilit\u00e9 pour travailler dans des r\u00e9seaux denses. La plateforme peut \u00eatre utilis\u00e9e avec ou sans stabilisateurs et est id\u00e9ale pour les applications les plus diverses.  <\/p>\n\n<h2 class=\"wp-block-heading\">Le nouveau BLUELIFT SA 20 &#8211; Compact, simple, fiable<\/h2>\n\n<figure class=\"wp-block-image\"><a href=\"https:\/\/www.ruthmann.de\/sites\/default\/files\/2025-03\/BLUELIFT_SA_20_01_0.png\" target=\"_blank\" rel=\"noreferrer noopener\"><img decoding=\"async\" src=\"https:\/\/www.ruthmann.de\/sites\/default\/files\/styles\/content\/public\/2025-03\/BLUELIFT_SA_20_01_0.png?itok=NmZTILVd\" alt=\"BLUELIFT SA 20\"\/><\/a><\/figure>\n\n<figure class=\"wp-block-image\"><a href=\"https:\/\/www.ruthmann.de\/sites\/default\/files\/2025-03\/BLUELIFT_SA_20_02_0.png\" target=\"_blank\" rel=\"noreferrer noopener\"><img decoding=\"async\" src=\"https:\/\/www.ruthmann.de\/sites\/default\/files\/styles\/content\/public\/2025-03\/BLUELIFT_SA_20_02_0.png?itok=rZao6mus\" alt=\"BLUELIFT SA 20\"\/><\/a><\/figure>\n\n<figure class=\"wp-block-image\"><a href=\"https:\/\/www.ruthmann.de\/sites\/default\/files\/2025-03\/BLUELIFT_SA_20_03.png\" target=\"_blank\" rel=\"noreferrer noopener\"><img decoding=\"async\" src=\"https:\/\/www.ruthmann.de\/sites\/default\/files\/styles\/content\/public\/2025-03\/BLUELIFT_SA_20_03.png?itok=3es_N-YT\" alt=\"BLUELIFT SA 20\"\/><\/a><figcaption class=\"wp-element-caption\"><em>Le nouveau BLUELIFT SA 20 sera pr\u00e9sent\u00e9 en direct au salon bauma.<\/em><\/figcaption><\/figure>\n\n<p>Cette nouvelle nacelle \u00e9l\u00e9vatrice sur chenilles est le compagnon id\u00e9al, m\u00eame dans les endroits les plus \u00e9troits. Elle offre <strong>une hauteur de travail de 20 m<\/strong>, une <strong>port\u00e9e lat\u00e9rale allant jusqu&rsquo;\u00e0 11 m<\/strong> et une <strong>charge de panier<\/strong> \u00e9lev\u00e9e <strong>de 250 kg<\/strong>. Avec une longueur de transport compacte de <strong>seulement 4,96 m<\/strong> et une hauteur de stabilisation \u00e9troite de <strong>0,67 m<\/strong>, la BLUELIFT SA 20 est extr\u00eamement flexible dans son utilisation.  <\/p>\n\n<p>Les visiteurs de la Bauma peuvent donc s&rsquo;attendre \u00e0 de superbes nouveaut\u00e9s et \u00e0 un vaste portefeuille de produits sur le stand de TIME Europe.<\/p>\n\n<h1 class=\"wp-block-heading\"><mark style=\"background-color:rgba(0, 0, 0, 0)\" class=\"has-inline-color has-luminous-vivid-orange-color\"><strong>Nous vous attendons avec impatience<\/strong><\/mark><\/h1>\n\n<p>Venez nous rendre visite au salon bauma 2025 et d\u00e9couvrez de pr\u00e8s les derniers d\u00e9veloppements de TIME Europe. L&rsquo;\u00e9quipe se r\u00e9jouit de votre visite au stand <strong>FS 1107\/9<\/strong>! <\/p>\n\n<p><\/p>\n","protected":false},"excerpt":{"rendered":"<p>TIME Europe se pr\u00e9sente \u00e0 la bauma 2025 sous le slogan \u00ab\u00a0Take your TIME\u00a0\u00bb et invite les visiteurs sur son stand FS 1107\/9 avec ses marques connues RUTHMANN, VERSALIFT, France El\u00e9vateur et MOVEX . Dans une atmosph\u00e8re d\u00e9tendue, autour d&rsquo;un caf\u00e9, de boissons froides et de canap\u00e9s, les clients et les personnes int\u00e9ress\u00e9es pourront d\u00e9couvrir [&hellip;]<\/p>\n","protected":false},"author":3,"featured_media":3291,"comment_status":"open","ping_status":"open","sticky":false,"template":"","format":"standard","meta":{"_acf_changed":false,"footnotes":""},"categories":[158],"tags":[164,188,189,186,162,187],"class_list":["post-3286","post","type-post","status-publish","format-standard","has-post-thumbnail","hentry","category-actualites","tag-bauma","tag-franceelevateur","tag-movex","tag-ruthmann","tag-steiger","tag-versalift"],"acf":[],"_links":{"self":[{"href":"https:\/\/ruthmann.de\/fr\/wp-json\/wp\/v2\/posts\/3286","targetHints":{"allow":["GET"]}}],"collection":[{"href":"https:\/\/ruthmann.de\/fr\/wp-json\/wp\/v2\/posts"}],"about":[{"href":"https:\/\/ruthmann.de\/fr\/wp-json\/wp\/v2\/types\/post"}],"author":[{"embeddable":true,"href":"https:\/\/ruthmann.de\/fr\/wp-json\/wp\/v2\/users\/3"}],"replies":[{"embeddable":true,"href":"https:\/\/ruthmann.de\/fr\/wp-json\/wp\/v2\/comments?post=3286"}],"version-history":[{"count":2,"href":"https:\/\/ruthmann.de\/fr\/wp-json\/wp\/v2\/posts\/3286\/revisions"}],"predecessor-version":[{"id":3298,"href":"https:\/\/ruthmann.de\/fr\/wp-json\/wp\/v2\/posts\/3286\/revisions\/3298"}],"wp:featuredmedia":[{"embeddable":true,"href":"https:\/\/ruthmann.de\/fr\/wp-json\/wp\/v2\/media\/3291"}],"wp:attachment":[{"href":"https:\/\/ruthmann.de\/fr\/wp-json\/wp\/v2\/media?parent=3286"}],"wp:term":[{"taxonomy":"category","embeddable":true,"href":"https:\/\/ruthmann.de\/fr\/wp-json\/wp\/v2\/categories?post=3286"},{"taxonomy":"post_tag","embeddable":true,"href":"https:\/\/ruthmann.de\/fr\/wp-json\/wp\/v2\/tags?post=3286"}],"curies":[{"name":"wp","href":"https:\/\/api.w.org\/{rel}","templated":true}]}}