{"id":3312,"date":"2025-01-08T09:39:04","date_gmt":"2025-01-08T09:39:04","guid":{"rendered":"https:\/\/ruthmann.de\/le-steiger-t-510-hf-vient-agrandir-le-parc-de-location-de-la-societe-motz-gmbh-arbeitsbuehnenvermietung\/"},"modified":"2026-04-29T07:55:39","modified_gmt":"2026-04-29T07:55:39","slug":"le-steiger-t-510-hf-vient-agrandir-le-parc-de-location-de-la-societe-motz-gmbh-arbeitsbuehnenvermietung","status":"publish","type":"post","link":"https:\/\/ruthmann.de\/fr\/le-steiger-t-510-hf-vient-agrandir-le-parc-de-location-de-la-societe-motz-gmbh-arbeitsbuehnenvermietung\/","title":{"rendered":"Le STEIGER\u00ae T 510 HF vient agrandir le parc de location de la soci\u00e9t\u00e9 Motz GmbH Arbeitsb\u00fchnenvermietung"},"content":{"rendered":"\n<h1 class=\"wp-block-heading\"><\/h1>\n\n<p>La soci\u00e9t\u00e9 de location de nacelles Motz GmbH \u00e9largit son parc de location avec le puissant <strong>STEIGER\u00ae T 510 HF<\/strong> de RUTHMANN. Avec cette nouvelle nacelle, l?entreprise offre d\u00e8s \u00e0 pr\u00e9sent \u00e0 ses clients encore plus de possibilit\u00e9s pour des acc\u00e8s en hauteur exigeants. <\/p>\n\n<p><strong>\u00c0 propos de Motz GmbH Location de nacelles<\/strong><br\/>Depuis sa cr\u00e9ation en 1989 en tant que compl\u00e9ment \u00e0 l&rsquo;entreprise de peinture existante, Motz GmbH est devenu un loueur de nacelles bien \u00e9tabli proposant une large gamme de produits. Aujourd&rsquo;hui, l&rsquo;entreprise familiale est dirig\u00e9e par la <strong>deuxi\u00e8me g\u00e9n\u00e9ration<\/strong> et dispose de plus <strong>de 35 ans d&rsquo;exp\u00e9rience<\/strong> dans la location de nacelles \u00e9l\u00e9vatrices. Les clients b\u00e9n\u00e9ficient d&rsquo;une large gamme de plates-formes de travail les plus diverses pour un travail s\u00fbr et \u00e9conomique &#8211; de <strong>5 \u00e0 51 m de hauteur de travail<\/strong> et une port\u00e9e lat\u00e9rale de <strong>30 m<\/strong> maximum.  <\/p>\n\n<figure class=\"wp-block-gallery has-nested-images columns-default is-cropped wp-block-gallery-1 is-layout-flex wp-block-gallery-is-layout-flex\">\n<figure class=\"wp-block-image size-large is-style-default\"><img fetchpriority=\"high\" decoding=\"async\" width=\"924\" height=\"693\" data-id=\"1364\" src=\"https:\/\/ruthmann.de\/wp-content\/uploads\/2025\/04\/STEIGER_T_510_HF_Motz_Platformers_Days_2024_RUTHMANN_02-1.jpg\" alt=\"\" class=\"wp-image-1364\" srcset=\"https:\/\/ruthmann.de\/wp-content\/uploads\/2025\/04\/STEIGER_T_510_HF_Motz_Platformers_Days_2024_RUTHMANN_02-1.jpg 924w, https:\/\/ruthmann.de\/wp-content\/uploads\/2025\/04\/STEIGER_T_510_HF_Motz_Platformers_Days_2024_RUTHMANN_02-1-300x225.jpg 300w, https:\/\/ruthmann.de\/wp-content\/uploads\/2025\/04\/STEIGER_T_510_HF_Motz_Platformers_Days_2024_RUTHMANN_02-1-768x576.jpg 768w\" sizes=\"(max-width: 924px) 100vw, 924px\" \/><\/figure>\n\n\n\n<figure class=\"wp-block-image size-large\"><img decoding=\"async\" width=\"924\" height=\"693\" data-id=\"1361\" src=\"https:\/\/ruthmann.de\/wp-content\/uploads\/2025\/04\/STEIGER_T_510_HF_Motz_Platformers_Days_2024_RUTHMANN_03.jpg\" alt=\"Le nouveau STEIGER&#xAE; T 510 HF de Motz au-dessus de la foire de Karlsruhe.\" class=\"wp-image-1361\" srcset=\"https:\/\/ruthmann.de\/wp-content\/uploads\/2025\/04\/STEIGER_T_510_HF_Motz_Platformers_Days_2024_RUTHMANN_03.jpg 924w, https:\/\/ruthmann.de\/wp-content\/uploads\/2025\/04\/STEIGER_T_510_HF_Motz_Platformers_Days_2024_RUTHMANN_03-300x225.jpg 300w, https:\/\/ruthmann.de\/wp-content\/uploads\/2025\/04\/STEIGER_T_510_HF_Motz_Platformers_Days_2024_RUTHMANN_03-768x576.jpg 768w\" sizes=\"(max-width: 924px) 100vw, 924px\" \/><\/figure>\n<\/figure>\n\n<p><strong>Le nouveau STEIGER\u00ae T 510 HF en bref<\/strong><br\/>Avec sa puissance impressionnante, le STEIGER\u00ae T 510 HF est un compl\u00e9ment id\u00e9al pour le parc de location de Motz GmbH. Le v\u00e9hicule marque des points avec : <\/p>\n\n<ul class=\"wp-block-list\">\n<li><strong>51 m de hauteur de travail<\/strong> et <strong>33 m de port\u00e9e lat\u00e9rale<\/strong><\/li>\n\n\n\n<li><strong>Charge de panier<\/strong> \u00e9lev\u00e9e <strong>de 600 kg<\/strong><\/li>\n\n\n\n<li>Technique de fl\u00e8che \u00e0 profil polygonal pour une stabilit\u00e9 optimale<\/li>\n\n\n\n<li>Panier en aluminium extensible hydrauliquement pour une utilisation flexible<\/li>\n\n\n\n<li>Excellentes possibilit\u00e9s de \u00ab\u00a0under and up\u00a0\u00bb et \u00ab\u00a0up and over and back\u00a0\u00bb lorsque le R\u00dcSSEL\u00ae est abaiss\u00e9<\/li>\n\n\n\n<li><strong>Syst\u00e8me de fl\u00e8che facile \u00e0 entretenir<\/strong><\/li>\n\n\n\n<li><strong>RTC (Real TIME Connect)<\/strong> pour une surveillance \u00e0 distance et une assistance rapide<\/li>\n<\/ul>\n\n<p><strong>Real TIME Connect (RTC)<\/strong> &#8211; l&rsquo;outil en ligne de RUTHMANN &#8211; permet de surveiller \u00e0 distance les machines \u00e9quip\u00e9es du mat\u00e9riel ad\u00e9quat. Via Internet, il est possible de d\u00e9tecter les probl\u00e8mes \u00e0 un stade pr\u00e9coce et de corriger rapidement les erreurs potentielles. RTC fonctionne avec tous les navigateurs web courants et peut \u00eatre utilis\u00e9 au bureau ou dans le monde entier. Motz GmbH augmente ainsi la disponibilit\u00e9 et l&rsquo;efficacit\u00e9 de ses plateformes de travail. Le syst\u00e8me est disponible d\u00e8s maintenant pour toutes les nouvelles nacelles <strong>RUTHMANN STEIGER\u00ae, BLUELIFT et ECOLINE<\/strong> et peut \u00eatre install\u00e9 sur de nombreuses machines existantes.    <\/p>\n\n<p>Non seulement cette nacelle offre des performances sup\u00e9rieures \u00e0 la moyenne, mais elle s\u00e9duit \u00e9galement par son <strong>syst\u00e8me d&rsquo;installation et de rodage automatique par simple pression sur un bouton<\/strong> et ses \u00e9quipements sp\u00e9ciaux HEIGHT performance pour une efficacit\u00e9 maximale.<\/p>\n\n<p>En septembre, la nouvelle sc\u00e8ne a d\u00e9j\u00e0 suscit\u00e9 un grand int\u00e9r\u00eat lors des <strong>Platformers&rsquo; Days \u00e0 Karlsruhe<\/strong> et montre maintenant tout son potentiel dans le parc de location de Motz GmbH.<\/p>\n\n<p>Motz GmbH se r\u00e9jouit de pouvoir offrir \u00e0 ses clients encore plus de possibilit\u00e9s d&rsquo;utilisation avec le <strong>STEIGER\u00ae T 510 HF<\/strong> &#8211; pour des acc\u00e8s en hauteur s\u00fbrs, flexibles et performants.<\/p>\n\n<figure class=\"wp-block-image size-full\"><img decoding=\"async\" width=\"924\" height=\"693\" src=\"https:\/\/ruthmann.de\/wp-content\/uploads\/2025\/04\/Uebergabe_Ruthmann_Steiger_T_510_HF_Motz_0.jpg\" alt=\"\" class=\"wp-image-1365\" srcset=\"https:\/\/ruthmann.de\/wp-content\/uploads\/2025\/04\/Uebergabe_Ruthmann_Steiger_T_510_HF_Motz_0.jpg 924w, https:\/\/ruthmann.de\/wp-content\/uploads\/2025\/04\/Uebergabe_Ruthmann_Steiger_T_510_HF_Motz_0-300x225.jpg 300w, https:\/\/ruthmann.de\/wp-content\/uploads\/2025\/04\/Uebergabe_Ruthmann_Steiger_T_510_HF_Motz_0-768x576.jpg 768w\" sizes=\"(max-width: 924px) 100vw, 924px\" \/><\/figure>\n\n<p><em>Ludger Rensing (directeur r\u00e9gional des ventes Sud-Ouest, RUTHMANN) remet le nouveau STEIGER\u00ae T 510 HF \u00e0 Klaus Butz (\u00e0 gauche) et Michael Roder (\u00e0 droite) de Motz GmbH.<\/em><\/p>\n\n<p><\/p>\n","protected":false},"excerpt":{"rendered":"<p>La soci\u00e9t\u00e9 de location de nacelles Motz GmbH \u00e9largit son parc de location avec le puissant STEIGER\u00ae T 510 HF de RUTHMANN. Avec cette nouvelle nacelle, l?entreprise offre d\u00e8s \u00e0 pr\u00e9sent \u00e0 ses clients encore plus de possibilit\u00e9s pour des acc\u00e8s en hauteur exigeants. \u00c0 propos de Motz GmbH Location de nacellesDepuis sa cr\u00e9ation en [&hellip;]<\/p>\n","protected":false},"author":3,"featured_media":3314,"comment_status":"open","ping_status":"open","sticky":false,"template":"","format":"standard","meta":{"_acf_changed":false,"footnotes":""},"categories":[158],"tags":[197,199,198,162,196],"class_list":["post-3312","post","type-post","status-publish","format-standard","has-post-thumbnail","hentry","category-actualites","tag-motzgmbh","tag-platmormersdays","tag-rtc","tag-steiger","tag-t510hf"],"acf":[],"_links":{"self":[{"href":"https:\/\/ruthmann.de\/fr\/wp-json\/wp\/v2\/posts\/3312","targetHints":{"allow":["GET"]}}],"collection":[{"href":"https:\/\/ruthmann.de\/fr\/wp-json\/wp\/v2\/posts"}],"about":[{"href":"https:\/\/ruthmann.de\/fr\/wp-json\/wp\/v2\/types\/post"}],"author":[{"embeddable":true,"href":"https:\/\/ruthmann.de\/fr\/wp-json\/wp\/v2\/users\/3"}],"replies":[{"embeddable":true,"href":"https:\/\/ruthmann.de\/fr\/wp-json\/wp\/v2\/comments?post=3312"}],"version-history":[{"count":2,"href":"https:\/\/ruthmann.de\/fr\/wp-json\/wp\/v2\/posts\/3312\/revisions"}],"predecessor-version":[{"id":3317,"href":"https:\/\/ruthmann.de\/fr\/wp-json\/wp\/v2\/posts\/3312\/revisions\/3317"}],"wp:featuredmedia":[{"embeddable":true,"href":"https:\/\/ruthmann.de\/fr\/wp-json\/wp\/v2\/media\/3314"}],"wp:attachment":[{"href":"https:\/\/ruthmann.de\/fr\/wp-json\/wp\/v2\/media?parent=3312"}],"wp:term":[{"taxonomy":"category","embeddable":true,"href":"https:\/\/ruthmann.de\/fr\/wp-json\/wp\/v2\/categories?post=3312"},{"taxonomy":"post_tag","embeddable":true,"href":"https:\/\/ruthmann.de\/fr\/wp-json\/wp\/v2\/tags?post=3312"}],"curies":[{"name":"wp","href":"https:\/\/api.w.org\/{rel}","templated":true}]}}