{"id":3344,"date":"2024-12-22T10:17:49","date_gmt":"2024-12-22T10:17:49","guid":{"rendered":"https:\/\/ruthmann.de\/la-nacelle-elevatrice-sur-chenilles-ruthmann-bluelift-sa-22-trouve-son-chemin-chez-phi-pichler-haring-immo-service-gmbh\/"},"modified":"2026-04-29T07:55:40","modified_gmt":"2026-04-29T07:55:40","slug":"la-nacelle-elevatrice-sur-chenilles-ruthmann-bluelift-sa-22-trouve-son-chemin-chez-phi-pichler-haring-immo-service-gmbh","status":"publish","type":"post","link":"https:\/\/ruthmann.de\/fr\/la-nacelle-elevatrice-sur-chenilles-ruthmann-bluelift-sa-22-trouve-son-chemin-chez-phi-pichler-haring-immo-service-gmbh\/","title":{"rendered":"La nacelle \u00e9l\u00e9vatrice sur chenilles RUTHMANN BLUELIFT SA 22 trouve son chemin chez PHI &#8211; Pichler-Haring-Immo Service GmbH"},"content":{"rendered":"\n<p>La BLUELIFT SA 22 est synonyme d&rsquo;efficacit\u00e9, d&rsquo;innovation et de normes de qualit\u00e9 les plus \u00e9lev\u00e9es.<\/p>\n\n<p>Avec une hauteur de travail de 22 m\u00e8tres et une port\u00e9e de 10,9 m\u00e8tres, la nacelle \u00e9l\u00e9vatrice sur chenilles en caoutchouc est absolument polyvalente. Avec une longueur de 4,52 m\u00e8tres et une hauteur de 1,97 m\u00e8tres, la nacelle \u00e9l\u00e9vatrice sur chenilles BLUELIFT convient \u00e0 de nombreuses applications en int\u00e9rieur &amp; ext\u00e9rieur. La SA 22 est \u00e9galement dot\u00e9e d&rsquo;une technologie avanc\u00e9e, d&rsquo;un faible poids et de performances \u00e9lev\u00e9es.  <\/p>\n\n<p>RUTHMANN GmbH Autriche vous remercie de votre confiance et vous souhaite beaucoup de succ\u00e8s avec la nacelle \u00e9l\u00e9vatrice sur chenilles !<\/p>\n","protected":false},"excerpt":{"rendered":"<p>La BLUELIFT SA 22 est synonyme d&rsquo;efficacit\u00e9, d&rsquo;innovation et de normes de qualit\u00e9 les plus \u00e9lev\u00e9es. Avec une hauteur de travail de 22 m\u00e8tres et une port\u00e9e de 10,9 m\u00e8tres, la nacelle \u00e9l\u00e9vatrice sur chenilles en caoutchouc est absolument polyvalente. Avec une longueur de 4,52 m\u00e8tres et une hauteur de 1,97 m\u00e8tres, la nacelle \u00e9l\u00e9vatrice [&hellip;]<\/p>\n","protected":false},"author":3,"featured_media":3345,"comment_status":"open","ping_status":"open","sticky":false,"template":"","format":"standard","meta":{"_acf_changed":false,"footnotes":""},"categories":[132],"tags":[213,215,214],"class_list":["post-3344","post","type-post","status-publish","format-standard","has-post-thumbnail","hentry","category-non-classe","tag-bluelift","tag-blueliftsa22","tag-sa22"],"acf":[],"_links":{"self":[{"href":"https:\/\/ruthmann.de\/fr\/wp-json\/wp\/v2\/posts\/3344","targetHints":{"allow":["GET"]}}],"collection":[{"href":"https:\/\/ruthmann.de\/fr\/wp-json\/wp\/v2\/posts"}],"about":[{"href":"https:\/\/ruthmann.de\/fr\/wp-json\/wp\/v2\/types\/post"}],"author":[{"embeddable":true,"href":"https:\/\/ruthmann.de\/fr\/wp-json\/wp\/v2\/users\/3"}],"replies":[{"embeddable":true,"href":"https:\/\/ruthmann.de\/fr\/wp-json\/wp\/v2\/comments?post=3344"}],"version-history":[{"count":2,"href":"https:\/\/ruthmann.de\/fr\/wp-json\/wp\/v2\/posts\/3344\/revisions"}],"predecessor-version":[{"id":3347,"href":"https:\/\/ruthmann.de\/fr\/wp-json\/wp\/v2\/posts\/3344\/revisions\/3347"}],"wp:featuredmedia":[{"embeddable":true,"href":"https:\/\/ruthmann.de\/fr\/wp-json\/wp\/v2\/media\/3345"}],"wp:attachment":[{"href":"https:\/\/ruthmann.de\/fr\/wp-json\/wp\/v2\/media?parent=3344"}],"wp:term":[{"taxonomy":"category","embeddable":true,"href":"https:\/\/ruthmann.de\/fr\/wp-json\/wp\/v2\/categories?post=3344"},{"taxonomy":"post_tag","embeddable":true,"href":"https:\/\/ruthmann.de\/fr\/wp-json\/wp\/v2\/tags?post=3344"}],"curies":[{"name":"wp","href":"https:\/\/api.w.org\/{rel}","templated":true}]}}