{"id":3348,"date":"2024-12-27T10:08:50","date_gmt":"2024-12-27T10:08:50","guid":{"rendered":"https:\/\/ruthmann.de\/elektro-lechner-ges-m-b-h-co-kg-se-rejouit-de-la-nacelle-elevatrice-sur-chenilles-ruthmann-bluelift-sa-16\/"},"modified":"2026-04-29T07:55:40","modified_gmt":"2026-04-29T07:55:40","slug":"elektro-lechner-ges-m-b-h-co-kg-se-rejouit-de-la-nacelle-elevatrice-sur-chenilles-ruthmann-bluelift-sa-16","status":"publish","type":"post","link":"https:\/\/ruthmann.de\/fr\/elektro-lechner-ges-m-b-h-co-kg-se-rejouit-de-la-nacelle-elevatrice-sur-chenilles-ruthmann-bluelift-sa-16\/","title":{"rendered":"Elektro Lechner Ges.m.b.H. &amp; Co KG se r\u00e9jouit de la nacelle \u00e9l\u00e9vatrice sur chenilles RUTHMANN BLUELIFT SA 16"},"content":{"rendered":"\n<h1 class=\"wp-block-heading\"><\/h1>\n\n<p>Les nacelles sur chenilles BLUELIFT sont r\u00e9put\u00e9es pour leur technologie de pointe, leur faible poids, leurs performances \u00e9lev\u00e9es et leurs dimensions compactes. Elles sont en outre faciles \u00e0 utiliser.   <br\/>Avec une port\u00e9e de 7,4 m et une hauteur de travail de 15,8 m, la SA 16 est parfaitement adapt\u00e9e \u00e0 un large \u00e9ventail d&rsquo;activit\u00e9s. Les nacelles compactes sur chenilles sont particuli\u00e8rement adapt\u00e9es aux travaux d&rsquo;int\u00e9rieur et d&rsquo;ext\u00e9rieur o\u00f9 l&rsquo;espace est restreint. M\u00eame les sols fragiles ne posent pas de probl\u00e8me aux machines BLUELIFT.    <\/p>\n\n<div class=\"wp-block-columns is-layout-flex wp-container-core-columns-is-layout-28f84493 wp-block-columns-is-layout-flex\">\n<div class=\"wp-block-column is-layout-flow wp-block-column-is-layout-flow\">\n<figure class=\"wp-block-image size-full\"><img fetchpriority=\"high\" decoding=\"async\" width=\"924\" height=\"635\" src=\"http:\/\/ruthmann.de\/wp-content\/uploads\/2025\/04\/RudolfRuthmann-1.jpg\" alt=\"\" class=\"wp-image-1397\" srcset=\"https:\/\/ruthmann.de\/wp-content\/uploads\/2025\/04\/RudolfRuthmann-1.jpg 924w, https:\/\/ruthmann.de\/wp-content\/uploads\/2025\/04\/RudolfRuthmann-1-300x206.jpg 300w, https:\/\/ruthmann.de\/wp-content\/uploads\/2025\/04\/RudolfRuthmann-1-768x528.jpg 768w\" sizes=\"(max-width: 924px) 100vw, 924px\" \/><\/figure>\n<\/div>\n\n\n\n<div class=\"wp-block-column is-layout-flow wp-block-column-is-layout-flow\">\n<figure class=\"wp-block-image alignleft size-large is-resized\"><img decoding=\"async\" width=\"768\" height=\"1024\" src=\"http:\/\/ruthmann.de\/wp-content\/uploads\/2025\/04\/SA-16-aufgestellt-1-768x1024.jpg\" alt=\"\" class=\"wp-image-1398\" style=\"width:255px;height:auto\" srcset=\"https:\/\/ruthmann.de\/wp-content\/uploads\/2025\/04\/SA-16-aufgestellt-1-768x1024.jpg 768w, https:\/\/ruthmann.de\/wp-content\/uploads\/2025\/04\/SA-16-aufgestellt-1-225x300.jpg 225w, https:\/\/ruthmann.de\/wp-content\/uploads\/2025\/04\/SA-16-aufgestellt-1.jpg 924w\" sizes=\"(max-width: 768px) 100vw, 768px\" \/><\/figure>\n<\/div>\n<\/div>\n\n<p>La soci\u00e9t\u00e9 Elektro Lechner &#8211; votre \u00e9lectricien \u00e0 Herzogenburg propose de nombreuses prestations &#8211; \u00e0 commencer par les installations \u00e9lectriques, les syst\u00e8mes de ventilation et les climatiseurs jusqu&rsquo;\u00e0 la technique d&rsquo;\u00e9clairage. En outre, la soci\u00e9t\u00e9 Elektro Lechner propose la vente et la location de nombreux appareils \u00e9lectriques.   <\/p>\n\n<p>RUTHMANN GmbH Autriche vous remercie de votre confiance et vous souhaite beaucoup de succ\u00e8s avec la nacelle \u00e9l\u00e9vatrice sur chenilles !<\/p>\n\n<p><\/p>\n","protected":false},"excerpt":{"rendered":"<p>Les nacelles sur chenilles BLUELIFT sont r\u00e9put\u00e9es pour leur technologie de pointe, leur faible poids, leurs performances \u00e9lev\u00e9es et leurs dimensions compactes. Elles sont en outre faciles \u00e0 utiliser. Avec une port\u00e9e de 7,4 m et une hauteur de travail de 15,8 m, la SA 16 est parfaitement adapt\u00e9e \u00e0 un large \u00e9ventail d&rsquo;activit\u00e9s. Les [&hellip;]<\/p>\n","protected":false},"author":3,"featured_media":3351,"comment_status":"open","ping_status":"open","sticky":false,"template":"","format":"standard","meta":{"_acf_changed":false,"footnotes":""},"categories":[132],"tags":[217,218,216],"class_list":["post-3348","post","type-post","status-publish","format-standard","has-post-thumbnail","hentry","category-non-classe","tag-blueliftsa16","tag-elektro-lechner-ges-m-b-h-co-kg-se-rejouit-de-la-nacelle-elevatrice-sur-chenilles-ruthmann-bluelift-sa-16","tag-sa16"],"acf":[],"_links":{"self":[{"href":"https:\/\/ruthmann.de\/fr\/wp-json\/wp\/v2\/posts\/3348","targetHints":{"allow":["GET"]}}],"collection":[{"href":"https:\/\/ruthmann.de\/fr\/wp-json\/wp\/v2\/posts"}],"about":[{"href":"https:\/\/ruthmann.de\/fr\/wp-json\/wp\/v2\/types\/post"}],"author":[{"embeddable":true,"href":"https:\/\/ruthmann.de\/fr\/wp-json\/wp\/v2\/users\/3"}],"replies":[{"embeddable":true,"href":"https:\/\/ruthmann.de\/fr\/wp-json\/wp\/v2\/comments?post=3348"}],"version-history":[{"count":2,"href":"https:\/\/ruthmann.de\/fr\/wp-json\/wp\/v2\/posts\/3348\/revisions"}],"predecessor-version":[{"id":3353,"href":"https:\/\/ruthmann.de\/fr\/wp-json\/wp\/v2\/posts\/3348\/revisions\/3353"}],"wp:featuredmedia":[{"embeddable":true,"href":"https:\/\/ruthmann.de\/fr\/wp-json\/wp\/v2\/media\/3351"}],"wp:attachment":[{"href":"https:\/\/ruthmann.de\/fr\/wp-json\/wp\/v2\/media?parent=3348"}],"wp:term":[{"taxonomy":"category","embeddable":true,"href":"https:\/\/ruthmann.de\/fr\/wp-json\/wp\/v2\/categories?post=3348"},{"taxonomy":"post_tag","embeddable":true,"href":"https:\/\/ruthmann.de\/fr\/wp-json\/wp\/v2\/tags?post=3348"}],"curies":[{"name":"wp","href":"https:\/\/api.w.org\/{rel}","templated":true}]}}