{"id":3811,"date":"2024-01-17T11:28:00","date_gmt":"2024-01-17T11:28:00","guid":{"rendered":"https:\/\/ruthmann.de\/la-societe-maes-en-visite-chez-ruthmann-a-gescher-hochmoor\/"},"modified":"2026-04-30T09:40:41","modified_gmt":"2026-04-30T09:40:41","slug":"la-societe-maes-en-visite-chez-ruthmann-a-gescher-hochmoor","status":"publish","type":"post","link":"https:\/\/ruthmann.de\/fr\/la-societe-maes-en-visite-chez-ruthmann-a-gescher-hochmoor\/","title":{"rendered":"La soci\u00e9t\u00e9 MAES en visite chez RUTHMANN \u00e0 Gescher-Hochmoor"},"content":{"rendered":"\n<p>Le 05.01.2024, nous avons eu le plaisir d&rsquo;accueillir la soci\u00e9t\u00e9 MAES chez RUTHMANN. Cette visite a permis \u00e0 nos invit\u00e9s de d\u00e9couvrir l&rsquo;usine de Gescher-Hochmoor. <\/p>\n\n<p>La soci\u00e9t\u00e9 belge MAES est active depuis 1976 dans la location de nacelles \u00e9l\u00e9vatrices et de grues, en plus de la r\u00e9paration et de l&rsquo;entretien de machines de construction. Son vaste portefeuille de location comprend d\u00e9j\u00e0 4 <strong>RUTHMANNSTEIGER\u00ae<\/strong>: <strong>T 540<\/strong>, <strong>T 570 HF-4A<\/strong> et <strong>T 750 HF<\/strong>. Depuis la pr\u00e9sentation de notre premi\u00e8re nacelle \u00e9l\u00e9vatrice de 90 m\u00e8tres \u00e0 INTERMAT 2018, un <strong>RUTHMANNSTEIGER\u00ae<\/strong> <strong>T 900 HF<\/strong> vient \u00e9galement compl\u00e9ter la flotte. Dans le futur, quatre autres RUTHMANN-STEIGER\u00ae viendront compl\u00e9ter l?offre de location, dont deux autres <strong>T 900 HF<\/strong> et deux <strong>T 510 HF<\/strong>.     <\/p>\n\n<div class=\"wp-block-columns is-layout-flex wp-container-core-columns-is-layout-28f84493 wp-block-columns-is-layout-flex\">\n<div class=\"wp-block-column is-layout-flow wp-block-column-is-layout-flow\" style=\"flex-basis:66.66%\">\n<p>En remerciement de cette longue collaboration, toute l&rsquo;entreprise a eu l&rsquo;occasion, pendant une journ\u00e9e, de jeter un coup d&rsquo;\u0153il dans les coulisses de RUTHMANN. Sous le slogan \u00ab\u00a0D&rsquo;o\u00f9 viennent les machines ? Et qui est RUTHMANN au juste ?\u00a0\u00bb la journ\u00e9e a commenc\u00e9 par un accueil de la direction suivi d?une pr\u00e9sentation de l?entreprise. Lors d?une visite de l?usine, nos invit\u00e9s ont \u00e9t\u00e9 guid\u00e9s par le directeur de production Olaf Dierks \u00e0 travers les halls de production et le site de l?usine.    <\/p>\n<\/div>\n\n\n\n<div class=\"wp-block-column is-layout-flow wp-block-column-is-layout-flow\" style=\"flex-basis:33.33%\">\n<figure class=\"wp-block-image size-full\"><img fetchpriority=\"high\" decoding=\"async\" width=\"924\" height=\"693\" src=\"https:\/\/ruthmann.de\/wp-content\/uploads\/2025\/05\/MAES_Gruppenfoto-mit-Geschaeftsfuehrung_1.jpg\" alt=\"\" class=\"wp-image-1784\" srcset=\"https:\/\/ruthmann.de\/wp-content\/uploads\/2025\/05\/MAES_Gruppenfoto-mit-Geschaeftsfuehrung_1.jpg 924w, https:\/\/ruthmann.de\/wp-content\/uploads\/2025\/05\/MAES_Gruppenfoto-mit-Geschaeftsfuehrung_1-300x225.jpg 300w, https:\/\/ruthmann.de\/wp-content\/uploads\/2025\/05\/MAES_Gruppenfoto-mit-Geschaeftsfuehrung_1-768x576.jpg 768w\" sizes=\"(max-width: 924px) 100vw, 924px\" \/><\/figure>\n<\/div>\n<\/div>\n\n<p>Apr\u00e8s le d\u00e9jeuner, diverses formations ont \u00e9t\u00e9 dispens\u00e9es, sp\u00e9cialement ax\u00e9es sur les diff\u00e9rentes t\u00e2ches du personnel MAES. Le personnel de service a pu en apprendre plus sur les prestations de service, comme par exemple l&rsquo;entretien des nacelles \u00e9l\u00e9vatrices, tandis que les op\u00e9rateurs ont \u00e9t\u00e9 form\u00e9s sp\u00e9cifiquement \u00e0 leur domaine d&rsquo;activit\u00e9. En testant les machines, les clients belges ont pu d\u00e9couvrir d&rsquo;autres machines de la gamme de produits RUTHMANN et obtenir de nouvelles impressions gr\u00e2ce \u00e0 de bonnes discussions.  <\/p>\n\n<figure class=\"wp-block-image\"><a class=\"download\" href=\"https:\/\/www.ruthmann.de\/sites\/default\/files\/2024-01\/MAES_Bild_Korb.png\" target=\"_blank\" rel=\"noreferrer noopener\"><img decoding=\"async\" src=\"https:\/\/www.ruthmann.de\/sites\/default\/files\/styles\/content\/public\/2024-01\/MAES_Bild_Korb.png?itok=Ld0SIUgA\" alt=\"Soci&#xE9;t&#xE9; MAES en nacelle\"\/><\/a><\/figure>\n\n<p>La journ\u00e9e s&rsquo;est termin\u00e9e \u00e0 la brasserie Stephanus \u00e0 Coesfeld. Autour d&rsquo;un d\u00e9licieux d\u00eener, les employ\u00e9s de MAES et de RUTHMANN ont pu \u00e9changer dans une ambiance d\u00e9contract\u00e9e afin de continuer \u00e0 renforcer les relations pour l&rsquo;avenir. <\/p>\n\n<figure class=\"wp-block-gallery has-nested-images columns-default is-cropped wp-block-gallery-1 is-layout-flex wp-block-gallery-is-layout-flex\">\n<figure class=\"wp-block-image size-large\"><img decoding=\"async\" width=\"924\" height=\"693\" data-id=\"1786\" src=\"https:\/\/ruthmann.de\/wp-content\/uploads\/2025\/05\/MAES_Brauhaus_1.png\" alt=\"\" class=\"wp-image-1786\" srcset=\"https:\/\/ruthmann.de\/wp-content\/uploads\/2025\/05\/MAES_Brauhaus_1.png 924w, https:\/\/ruthmann.de\/wp-content\/uploads\/2025\/05\/MAES_Brauhaus_1-300x225.png 300w, https:\/\/ruthmann.de\/wp-content\/uploads\/2025\/05\/MAES_Brauhaus_1-768x576.png 768w\" sizes=\"(max-width: 924px) 100vw, 924px\" \/><\/figure>\n\n\n\n<figure class=\"wp-block-image size-large\"><img decoding=\"async\" width=\"924\" height=\"693\" data-id=\"1785\" src=\"https:\/\/ruthmann.de\/wp-content\/uploads\/2025\/05\/MAES_Brauhaus_2.png\" alt=\"\" class=\"wp-image-1785\" srcset=\"https:\/\/ruthmann.de\/wp-content\/uploads\/2025\/05\/MAES_Brauhaus_2.png 924w, https:\/\/ruthmann.de\/wp-content\/uploads\/2025\/05\/MAES_Brauhaus_2-300x225.png 300w, https:\/\/ruthmann.de\/wp-content\/uploads\/2025\/05\/MAES_Brauhaus_2-768x576.png 768w\" sizes=\"(max-width: 924px) 100vw, 924px\" \/><\/figure>\n<\/figure>\n\n<p><strong>Nous vous remercions de votre visite et nous r\u00e9jouissons de poursuivre notre collaboration fructueuse !<\/strong><\/p>\n\n<p><\/p>\n","protected":false},"excerpt":{"rendered":"<p>Le 05.01.2024, nous avons eu le plaisir d&rsquo;accueillir la soci\u00e9t\u00e9 MAES chez RUTHMANN. Cette visite a permis \u00e0 nos invit\u00e9s de d\u00e9couvrir l&rsquo;usine de Gescher-Hochmoor. La soci\u00e9t\u00e9 belge MAES est active depuis 1976 dans la location de nacelles \u00e9l\u00e9vatrices et de grues, en plus de la r\u00e9paration et de l&rsquo;entretien de machines de construction. Son [&hellip;]<\/p>\n","protected":false},"author":3,"featured_media":3812,"comment_status":"open","ping_status":"open","sticky":false,"template":"","format":"standard","meta":{"_acf_changed":false,"footnotes":""},"categories":[132],"tags":[],"class_list":["post-3811","post","type-post","status-publish","format-standard","has-post-thumbnail","hentry","category-non-classe"],"acf":[],"_links":{"self":[{"href":"https:\/\/ruthmann.de\/fr\/wp-json\/wp\/v2\/posts\/3811","targetHints":{"allow":["GET"]}}],"collection":[{"href":"https:\/\/ruthmann.de\/fr\/wp-json\/wp\/v2\/posts"}],"about":[{"href":"https:\/\/ruthmann.de\/fr\/wp-json\/wp\/v2\/types\/post"}],"author":[{"embeddable":true,"href":"https:\/\/ruthmann.de\/fr\/wp-json\/wp\/v2\/users\/3"}],"replies":[{"embeddable":true,"href":"https:\/\/ruthmann.de\/fr\/wp-json\/wp\/v2\/comments?post=3811"}],"version-history":[{"count":2,"href":"https:\/\/ruthmann.de\/fr\/wp-json\/wp\/v2\/posts\/3811\/revisions"}],"predecessor-version":[{"id":3814,"href":"https:\/\/ruthmann.de\/fr\/wp-json\/wp\/v2\/posts\/3811\/revisions\/3814"}],"wp:featuredmedia":[{"embeddable":true,"href":"https:\/\/ruthmann.de\/fr\/wp-json\/wp\/v2\/media\/3812"}],"wp:attachment":[{"href":"https:\/\/ruthmann.de\/fr\/wp-json\/wp\/v2\/media?parent=3811"}],"wp:term":[{"taxonomy":"category","embeddable":true,"href":"https:\/\/ruthmann.de\/fr\/wp-json\/wp\/v2\/categories?post=3811"},{"taxonomy":"post_tag","embeddable":true,"href":"https:\/\/ruthmann.de\/fr\/wp-json\/wp\/v2\/tags?post=3811"}],"curies":[{"name":"wp","href":"https:\/\/api.w.org\/{rel}","templated":true}]}}