{"id":3923,"date":"2024-01-10T12:37:00","date_gmt":"2024-01-10T12:37:00","guid":{"rendered":"https:\/\/ruthmann.de\/robert-hedenik-et-son-equipe-se-rejouissent-du-ruthmann-steiger-tb-300\/"},"modified":"2026-04-30T09:41:06","modified_gmt":"2026-04-30T09:41:06","slug":"robert-hedenik-et-son-equipe-se-rejouissent-du-ruthmann-steiger-tb-300","status":"publish","type":"post","link":"https:\/\/ruthmann.de\/fr\/robert-hedenik-et-son-equipe-se-rejouissent-du-ruthmann-steiger-tb-300\/","title":{"rendered":"Robert Hedenik et son \u00e9quipe se r\u00e9jouissent du RUTHMANN STEIGER\u00ae TB 300"},"content":{"rendered":"\n<p>La soci\u00e9t\u00e9 Hedenik Spenglerei und Dachdeckungs GmbH \u00e9largit sa gamme de produits avec un <strong>RUTHMANNSTEIGER\u00ae<\/strong> <strong>TB 300<\/strong>.<\/p>\n\n<p>Le <strong>RUTHMANNSTEIGER\u00ae<\/strong> <strong>TB 300<\/strong> est une nacelle \u00e9l\u00e9vatrice puissante de 3,5 tonnes qui atteint une hauteur de travail maximale de 30 m\u00e8tres. Avec son impressionnante port\u00e9e de 17 m\u00e8tres et sa grande capacit\u00e9 de charge allant jusqu&rsquo;\u00e0 250 kg, c&rsquo;est un outil de travail polyvalent et fiable pour une utilisation dans l&rsquo;industrie, la construction et bien d&rsquo;autres domaines. <\/p>\n\n<p>La soci\u00e9t\u00e9 Hedenik a \u00e9t\u00e9 fond\u00e9e en 1984 et est une entreprise de 1\u00e8re g\u00e9n\u00e9ration. Depuis plus de 30 ans, ils sont l&rsquo;interlocuteur privil\u00e9gi\u00e9 dans la r\u00e9gion de Carinthie pour les nouvelles couvertures, les travaux de ferblanterie, la r\u00e9novation de toitures ou de fa\u00e7ades. <\/p>\n\n<p>RUTHMANN GmbH Autriche souhaite \u00e0 M. Robert Hedenik et son \u00e9quipe beaucoup de plaisir et de succ\u00e8s avec leur <strong>RUTHMANNSTEIGER\u00ae<\/strong> <strong>TB 300<\/strong>. <\/p>\n","protected":false},"excerpt":{"rendered":"<p>La soci\u00e9t\u00e9 Hedenik Spenglerei und Dachdeckungs GmbH \u00e9largit sa gamme de produits avec un RUTHMANNSTEIGER\u00ae TB 300. Le RUTHMANNSTEIGER\u00ae TB 300 est une nacelle \u00e9l\u00e9vatrice puissante de 3,5 tonnes qui atteint une hauteur de travail maximale de 30 m\u00e8tres. Avec son impressionnante port\u00e9e de 17 m\u00e8tres et sa grande capacit\u00e9 de charge allant jusqu&rsquo;\u00e0 250 [&hellip;]<\/p>\n","protected":false},"author":3,"featured_media":3924,"comment_status":"open","ping_status":"open","sticky":false,"template":"","format":"standard","meta":{"_acf_changed":false,"footnotes":""},"categories":[132],"tags":[],"class_list":["post-3923","post","type-post","status-publish","format-standard","has-post-thumbnail","hentry","category-non-classe"],"acf":[],"_links":{"self":[{"href":"https:\/\/ruthmann.de\/fr\/wp-json\/wp\/v2\/posts\/3923","targetHints":{"allow":["GET"]}}],"collection":[{"href":"https:\/\/ruthmann.de\/fr\/wp-json\/wp\/v2\/posts"}],"about":[{"href":"https:\/\/ruthmann.de\/fr\/wp-json\/wp\/v2\/types\/post"}],"author":[{"embeddable":true,"href":"https:\/\/ruthmann.de\/fr\/wp-json\/wp\/v2\/users\/3"}],"replies":[{"embeddable":true,"href":"https:\/\/ruthmann.de\/fr\/wp-json\/wp\/v2\/comments?post=3923"}],"version-history":[{"count":2,"href":"https:\/\/ruthmann.de\/fr\/wp-json\/wp\/v2\/posts\/3923\/revisions"}],"predecessor-version":[{"id":3926,"href":"https:\/\/ruthmann.de\/fr\/wp-json\/wp\/v2\/posts\/3923\/revisions\/3926"}],"wp:featuredmedia":[{"embeddable":true,"href":"https:\/\/ruthmann.de\/fr\/wp-json\/wp\/v2\/media\/3924"}],"wp:attachment":[{"href":"https:\/\/ruthmann.de\/fr\/wp-json\/wp\/v2\/media?parent=3923"}],"wp:term":[{"taxonomy":"category","embeddable":true,"href":"https:\/\/ruthmann.de\/fr\/wp-json\/wp\/v2\/categories?post=3923"},{"taxonomy":"post_tag","embeddable":true,"href":"https:\/\/ruthmann.de\/fr\/wp-json\/wp\/v2\/tags?post=3923"}],"curies":[{"name":"wp","href":"https:\/\/api.w.org\/{rel}","templated":true}]}}