{"id":3971,"date":"2024-06-21T06:20:49","date_gmt":"2024-06-21T06:20:49","guid":{"rendered":"https:\/\/ruthmann.de\/triple-renfort-steiger-pour-paul-becker-gmbh\/"},"modified":"2026-04-30T09:41:09","modified_gmt":"2026-04-30T09:41:09","slug":"triple-renfort-steiger-pour-paul-becker-gmbh","status":"publish","type":"post","link":"https:\/\/ruthmann.de\/fr\/triple-renfort-steiger-pour-paul-becker-gmbh\/","title":{"rendered":"Triple renfort STEIGER\u00ae pour Paul Becker GmbH"},"content":{"rendered":"\n<p>La soci\u00e9t\u00e9 Paul Becker GmbH de Denzlingen mise \u00e0 nouveau sur la qualit\u00e9 et l?innovation de la maison RUTHMANN. L?entreprise, qui fait confiance depuis de nombreuses ann\u00e9es \u00e0 la technologie \u00e9prouv\u00e9e des nacelles RUTHMANN, ajoute un nouveau STEIGER\u00ae T 750 HF \u00e0 son parc de v\u00e9hicules et atteint ainsi de nouveaux sommets. Deux autres STEIGER\u00ae T 510 HF et T 570 HF seront livr\u00e9s \u00e0 court terme.  <\/p>\n\n<p>Le RUTHMANN STEIGER\u00ae T 750 HF impressionne avec une hauteur de travail de 75 m\u00e8tres et une longueur de v\u00e9hicule de seulement 13,99 m\u00e8tres. Gr\u00e2ce \u00e0 la technique de fl\u00e8che \u00e0 profil polygonal, le T 750 HF offre des performances exceptionnelles et de multiples possibilit\u00e9s d?utilisation. La nacelle verticale permet de travailler avec pr\u00e9cision \u00ab\u00a0sous et vers le haut\u00a0\u00bb ainsi que \u00ab\u00a0vers le haut, au-dessus et vers l&rsquo;arri\u00e8re\u00a0\u00bb. Avec une charge utile de 600 kg, il est possible d&#8217;emmener plusieurs personnes et du mat\u00e9riel suppl\u00e9mentaire sans probl\u00e8me, ce qui augmente consid\u00e9rablement la flexibilit\u00e9 d&rsquo;utilisation. De plus, le T 750 HF se distingue par son syst\u00e8me de fl\u00e8che facile \u00e0 entretenir.    <\/p>\n\n<p>\u00ab\u00a0Avec les nouveaux RUTHMANN STEIGER\u00aen T 750 HF, nous pouvons offrir \u00e0 nos clients encore plus d?efficacit\u00e9 et de polyvalence\u00a0\u00bb, explique Vanessa Binz, directrice g\u00e9n\u00e9rale pour les secteurs de location de nacelles et de chariots \u00e9l\u00e9vateurs de Paul Becker GmbH. \u00ab\u00a0Cet investissement souligne nos efforts continus pour \u00e9quiper notre parc de v\u00e9hicules d&rsquo;une technologie de pointe et pour offrir \u00e0 nos clients des solutions optimales pour leurs projets\u00a0\u00bb. <\/p>\n\n<p>Paul Becker GmbH, dont les origines remontent \u00e0 1926 en tant qu&rsquo;entreprise de peinture, a \u00e9largi sa gamme de services en 1962 avec la construction d&rsquo;\u00e9chafaudages. \u00c0 la fin des ann\u00e9es 1970, elle a ajout\u00e9 la logistique de transport, le service de conteneurs et la location de nacelles et de chariots \u00e9l\u00e9vateurs. Aujourd&rsquo;hui, l&rsquo;entreprise loue une large gamme de chariots \u00e9l\u00e9vateurs et de plates-formes de travail dans toute l&rsquo;Allemagne et propose des services complets de montage d&rsquo;\u00e9chafaudages et de conteneurs.  <\/p>\n\n<p>Avec l&rsquo;\u00e9largissement de son portefeuille avec les trois nouveaux STEIGER\u00ae T 750 HF, T 510 HF et T 570 HF, Paul Becker GmbH pose un nouveau jalon dans sa longue histoire de succ\u00e8s et souligne sa position de fournisseur leader dans le secteur.<\/p>\n\n<figure class=\"wp-block-embed is-type-video is-provider-youtube wp-block-embed-youtube wp-embed-aspect-16-9 wp-has-aspect-ratio\"><div class=\"wp-block-embed__wrapper\">\n<iframe title=\"RUTHMANN STEIGER \u00ae T 750 HF - HEIGHT performance\" width=\"800\" height=\"450\" src=\"https:\/\/www.youtube.com\/embed\/AXEiiN1VW-M?feature=oembed\" frameborder=\"0\" allow=\"accelerometer; autoplay; clipboard-write; encrypted-media; gyroscope; picture-in-picture; web-share\" referrerpolicy=\"strict-origin-when-cross-origin\" allowfullscreen><\/iframe>\n<\/div><\/figure>\n\n<h3 class=\"wp-block-heading\"><mark style=\"background-color:rgba(0, 0, 0, 0)\" class=\"has-inline-color has-luminous-vivid-orange-color\">Nous remercions Paul Becker GmbH pour l&rsquo;excellente collaboration de longue date et attendons avec impatience les projets futurs. Nous vous souhaitons une bonne continuation dans la location ! <\/mark><\/h3>\n\n<p><\/p>\n","protected":false},"excerpt":{"rendered":"<p>La soci\u00e9t\u00e9 Paul Becker GmbH de Denzlingen mise \u00e0 nouveau sur la qualit\u00e9 et l?innovation de la maison RUTHMANN. L?entreprise, qui fait confiance depuis de nombreuses ann\u00e9es \u00e0 la technologie \u00e9prouv\u00e9e des nacelles RUTHMANN, ajoute un nouveau STEIGER\u00ae T 750 HF \u00e0 son parc de v\u00e9hicules et atteint ainsi de nouveaux sommets. Deux autres STEIGER\u00ae [&hellip;]<\/p>\n","protected":false},"author":3,"featured_media":3972,"comment_status":"open","ping_status":"open","sticky":false,"template":"","format":"standard","meta":{"_acf_changed":false,"footnotes":""},"categories":[132],"tags":[],"class_list":["post-3971","post","type-post","status-publish","format-standard","has-post-thumbnail","hentry","category-non-classe"],"acf":[],"_links":{"self":[{"href":"https:\/\/ruthmann.de\/fr\/wp-json\/wp\/v2\/posts\/3971","targetHints":{"allow":["GET"]}}],"collection":[{"href":"https:\/\/ruthmann.de\/fr\/wp-json\/wp\/v2\/posts"}],"about":[{"href":"https:\/\/ruthmann.de\/fr\/wp-json\/wp\/v2\/types\/post"}],"author":[{"embeddable":true,"href":"https:\/\/ruthmann.de\/fr\/wp-json\/wp\/v2\/users\/3"}],"replies":[{"embeddable":true,"href":"https:\/\/ruthmann.de\/fr\/wp-json\/wp\/v2\/comments?post=3971"}],"version-history":[{"count":2,"href":"https:\/\/ruthmann.de\/fr\/wp-json\/wp\/v2\/posts\/3971\/revisions"}],"predecessor-version":[{"id":3974,"href":"https:\/\/ruthmann.de\/fr\/wp-json\/wp\/v2\/posts\/3971\/revisions\/3974"}],"wp:featuredmedia":[{"embeddable":true,"href":"https:\/\/ruthmann.de\/fr\/wp-json\/wp\/v2\/media\/3972"}],"wp:attachment":[{"href":"https:\/\/ruthmann.de\/fr\/wp-json\/wp\/v2\/media?parent=3971"}],"wp:term":[{"taxonomy":"category","embeddable":true,"href":"https:\/\/ruthmann.de\/fr\/wp-json\/wp\/v2\/categories?post=3971"},{"taxonomy":"post_tag","embeddable":true,"href":"https:\/\/ruthmann.de\/fr\/wp-json\/wp\/v2\/tags?post=3971"}],"curies":[{"name":"wp","href":"https:\/\/api.w.org\/{rel}","templated":true}]}}