{"id":3990,"date":"2024-02-01T12:00:00","date_gmt":"2024-02-01T12:00:00","guid":{"rendered":"https:\/\/ruthmann.de\/nouveau-ruthmann-steiger-tb-290-pro-pour-le-chef-lieu-de-district-merzig\/"},"modified":"2026-04-30T09:41:21","modified_gmt":"2026-04-30T09:41:21","slug":"nouveau-ruthmann-steiger-tb-290-pro-pour-le-chef-lieu-de-district-merzig","status":"publish","type":"post","link":"https:\/\/ruthmann.de\/fr\/nouveau-ruthmann-steiger-tb-290-pro-pour-le-chef-lieu-de-district-merzig\/","title":{"rendered":"Nouveau RUTHMANN STEIGER\u00ae TB 290 pro pour le chef-lieu de district Merzig"},"content":{"rendered":"\n<p>Le chef-lieu du district de Merzig a r\u00e9ceptionn\u00e9 le 09 janvier 2024 son nouveau <strong>RUTHMANN<\/strong> STEIGER\u00ae <strong>TB 290 pro<\/strong>. Le chef de chantier Otto Aschenbrenner, l?adjoint au chef de chantier Simon Leistenschneider, Roland Bohr, ainsi que d?autres op\u00e9rateurs des groupes sp\u00e9cialis\u00e9s en \u00e9lectricit\u00e9 et en \u00e9lagage \u00e9taient pr\u00e9sents. Matthias F\u00f6rster (responsable r\u00e9gional des ventes pour les communes et les entreprises de distribution d&rsquo;\u00e9lectricit\u00e9 chez RUTHMANN) a conseill\u00e9 et remis l&rsquo;engin au chantier du chef-lieu de district de Merzig. Les employ\u00e9s se r\u00e9jouissent de la nouvelle nacelle de <strong>RUTHMANN<\/strong> qui sera utilis\u00e9e \u00e0 l?avenir pour de nombreuses activit\u00e9s communales.   <\/p>\n\n<p>La <strong>TB 290<\/strong> <strong>pro <\/strong>convainc par sa hauteur de travail de 29 m\u00e8tres et se distingue par ses dimensions compactes. Avec un poids de 3,5 tonnes, cette nacelle est particuli\u00e8rement adapt\u00e9e au travail en milieu urbain. Les performances de la <strong>TB 290 pro<\/strong> d\u00e9passent celles des machines concurrentes et couvrent presque toutes les applications.    <\/p>\n\n<p>Le chef-lieu de district de Merzig va d\u00e9sormais g\u00e9rer toutes ses activit\u00e9s municipales avec le nouveau STEIGER\u00ae. Cela comprend l?entretien des arbres et le nettoyage des b\u00e2timents, ainsi que la maintenance des installations d?\u00e9clairage. Gr\u00e2ce \u00e0 la disponibilit\u00e9 rapide de la machine, le chef-lieu de district a pu prendre livraison du <strong>TB 290 pro<\/strong> dans les plus brefs d\u00e9lais &#8211; seulement 3 mois se sont \u00e9coul\u00e9s entre la commande et la livraison de la machine.    <\/p>\n\n<h3 class=\"wp-block-heading\">Nous souhaitons \u00e0 la ville de Merzig beaucoup de succ\u00e8s pour ses futures missions avec le nouveau <strong>RUTHMANN <\/strong>STEIGER\u00ae !<\/h3>\n\n<p><\/p>\n","protected":false},"excerpt":{"rendered":"<p>Le chef-lieu du district de Merzig a r\u00e9ceptionn\u00e9 le 09 janvier 2024 son nouveau RUTHMANN STEIGER\u00ae TB 290 pro. Le chef de chantier Otto Aschenbrenner, l?adjoint au chef de chantier Simon Leistenschneider, Roland Bohr, ainsi que d?autres op\u00e9rateurs des groupes sp\u00e9cialis\u00e9s en \u00e9lectricit\u00e9 et en \u00e9lagage \u00e9taient pr\u00e9sents. Matthias F\u00f6rster (responsable r\u00e9gional des ventes pour [&hellip;]<\/p>\n","protected":false},"author":3,"featured_media":3991,"comment_status":"open","ping_status":"open","sticky":false,"template":"","format":"standard","meta":{"_acf_changed":false,"footnotes":""},"categories":[132],"tags":[],"class_list":["post-3990","post","type-post","status-publish","format-standard","has-post-thumbnail","hentry","category-non-classe"],"acf":[],"_links":{"self":[{"href":"https:\/\/ruthmann.de\/fr\/wp-json\/wp\/v2\/posts\/3990","targetHints":{"allow":["GET"]}}],"collection":[{"href":"https:\/\/ruthmann.de\/fr\/wp-json\/wp\/v2\/posts"}],"about":[{"href":"https:\/\/ruthmann.de\/fr\/wp-json\/wp\/v2\/types\/post"}],"author":[{"embeddable":true,"href":"https:\/\/ruthmann.de\/fr\/wp-json\/wp\/v2\/users\/3"}],"replies":[{"embeddable":true,"href":"https:\/\/ruthmann.de\/fr\/wp-json\/wp\/v2\/comments?post=3990"}],"version-history":[{"count":2,"href":"https:\/\/ruthmann.de\/fr\/wp-json\/wp\/v2\/posts\/3990\/revisions"}],"predecessor-version":[{"id":3994,"href":"https:\/\/ruthmann.de\/fr\/wp-json\/wp\/v2\/posts\/3990\/revisions\/3994"}],"wp:featuredmedia":[{"embeddable":true,"href":"https:\/\/ruthmann.de\/fr\/wp-json\/wp\/v2\/media\/3991"}],"wp:attachment":[{"href":"https:\/\/ruthmann.de\/fr\/wp-json\/wp\/v2\/media?parent=3990"}],"wp:term":[{"taxonomy":"category","embeddable":true,"href":"https:\/\/ruthmann.de\/fr\/wp-json\/wp\/v2\/categories?post=3990"},{"taxonomy":"post_tag","embeddable":true,"href":"https:\/\/ruthmann.de\/fr\/wp-json\/wp\/v2\/tags?post=3990"}],"curies":[{"name":"wp","href":"https:\/\/api.w.org\/{rel}","templated":true}]}}