{"id":4015,"date":"2024-02-15T11:39:00","date_gmt":"2024-02-15T11:39:00","guid":{"rendered":"https:\/\/ruthmann.de\/venez-nous-rendre-visite-a-la-foire-dach-holz-a-stuttgart\/"},"modified":"2026-04-30T09:41:21","modified_gmt":"2026-04-30T09:41:21","slug":"venez-nous-rendre-visite-a-la-foire-dach-holz-a-stuttgart","status":"publish","type":"post","link":"https:\/\/ruthmann.de\/fr\/venez-nous-rendre-visite-a-la-foire-dach-holz-a-stuttgart\/","title":{"rendered":"Venez nous rendre visite \u00e0 la foire DACH + HOLZ \u00e0 Stuttgart"},"content":{"rendered":"\n<p>Le salon DACH + HOLZ International aura lieu <strong>du 05 au 08 mars 2024 <\/strong>\u00e0 Stuttgart. Nous y serons pr\u00e9sents pour la premi\u00e8re fois cette ann\u00e9e en tant qu&rsquo;exposant et nous nous r\u00e9jouissons de votre visite dans <strong>le hall 7<\/strong> au <strong>stand 7.428<\/strong>. <\/p>\n\n<p><strong>Horaires d&rsquo;ouverture : <\/strong>MARDI &#8211; VENDREDI de 09h \u00e0 18h<\/p>\n\n<p>Venez d\u00e9couvrir en direct notre nacelle \u00e9l\u00e9vatrice sur chenilles <strong>BLUELIFT SA 22,<\/strong> un produit phare de notre large gamme de produits pour les travaux de toiture. La gamme de nacelles sur chenilles compactes et l\u00e9g\u00e8res <strong>RUTHMANN<\/strong> BLUELIFT comprend des machines avec des hauteurs de travail de 11 \u00e0 31 m\u00e8tres. <\/p>\n\n<div class=\"wp-block-columns is-layout-flex wp-container-core-columns-is-layout-28f84493 wp-block-columns-is-layout-flex\">\n<div class=\"wp-block-column is-layout-flow wp-block-column-is-layout-flow\" style=\"flex-basis:66.66%\">\n<h1 class=\"wp-block-heading\">BLUELIFT SA 22<\/h1>\n\n\n\n<p>La BLUELIFT <strong>SA 22<\/strong> est une nacelle \u00e9l\u00e9vatrice sur chenilles en caoutchouc puissante et facile \u00e0 man\u0153uvrer. Avec une hauteur de travail de 22 m et une port\u00e9e de 10,9 m, ce mod\u00e8le convient \u00e0 de nombreux domaines d&rsquo;application et est tr\u00e8s appr\u00e9ci\u00e9 des couvreurs et des ferblantiers. Laissez-vous convaincre par cette nacelle polyvalente et flexible !  <\/p>\n\n\n\n<ul class=\"wp-block-list\">\n<li>hauteur de travail maximale : 22 m <\/li>\n\n\n\n<li>port\u00e9e maximale : 10,90 m (avec une charge de panier de 200 kg !) <\/li>\n\n\n\n<li>charge max. du panier : 250 kg <\/li>\n\n\n\n<li>Poids l\u00e9ger : 2 990 kg<\/li>\n\n\n\n<li>Dimensions compactes : 1,97 m de haut, 0,94 m de large, 4,52 m de long<\/li>\n\n\n\n<li>Disponible en version \u00e9lectrique, hybride ou essence<\/li>\n<\/ul>\n<\/div>\n\n\n\n<div class=\"wp-block-column is-layout-flow wp-block-column-is-layout-flow\" style=\"flex-basis:33.33%\">\n<figure class=\"wp-block-image\"><img decoding=\"async\" src=\"https:\/\/www.ruthmann.de\/sites\/default\/files\/styles\/content\/public\/2024-02\/SA_22_im_Einsatz_Dach.jpg?itok=XLLuOVq0\" alt=\"BLUELIFT SA 22 pour les travaux de toiture\"\/><\/figure>\n<\/div>\n<\/div>\n\n<h1 class=\"wp-block-heading\">N&rsquo;h\u00e9sitez pas \u00e0 vous renseigner ! Nous sommes l\u00e0 pour vous conseiller ! <\/h1>\n\n<p>Notre gamme de produits ne cesse de s&rsquo;\u00e9largir ! C&rsquo;est avec plaisir que nous vous informerons sur nos nacelles <strong>\u00e9l\u00e9vatrices sur chenilles<\/strong> BLUELIFT et, bien s\u00fbr, sur le vaste choix de <strong>nacelles sur camion<\/strong> des marques STEIGER\u00ae, ECOLINE, VERSALIFT\u00ae, France El\u00e9vateur et MOVEX.   <\/p>\n\n<p>Bien s\u00fbr, cela inclut le <strong>SERVICE RUTHMANN<\/strong> qui a fait ses preuves.<\/p>\n\n<p>Dites adieu aux longs d\u00e9lais de livraison. Nous avons de nombreux appareils en stock et de d\u00e9monstration <strong>disponibles \u00e0 court terme !<\/strong> En voici une petite s\u00e9lection. N&rsquo;h\u00e9sitez pas \u00e0 nous contacter !  <\/p>\n\n<h2 class=\"wp-block-heading\">POINTS FORTS POUR LES TRAVAUX DE TOITURE+BOIS<\/h2>\n\n<figure class=\"wp-block-gallery has-nested-images columns-default is-cropped wp-block-gallery-1 is-layout-flex wp-block-gallery-is-layout-flex\">\n<figure class=\"wp-block-image size-large\"><img fetchpriority=\"high\" decoding=\"async\" width=\"924\" height=\"693\" data-id=\"1749\" src=\"https:\/\/ruthmann.de\/wp-content\/uploads\/2025\/05\/BLUELIFT_SA22_rot.jpg\" alt=\"\" class=\"wp-image-1749\" srcset=\"https:\/\/ruthmann.de\/wp-content\/uploads\/2025\/05\/BLUELIFT_SA22_rot.jpg 924w, https:\/\/ruthmann.de\/wp-content\/uploads\/2025\/05\/BLUELIFT_SA22_rot-300x225.jpg 300w, https:\/\/ruthmann.de\/wp-content\/uploads\/2025\/05\/BLUELIFT_SA22_rot-768x576.jpg 768w\" sizes=\"(max-width: 924px) 100vw, 924px\" \/><\/figure>\n\n\n\n<figure class=\"wp-block-image size-large\"><img decoding=\"async\" width=\"924\" height=\"616\" data-id=\"1747\" src=\"https:\/\/ruthmann.de\/wp-content\/uploads\/2025\/05\/ECOLINE_RS_240_MB.jpg\" alt=\"\" class=\"wp-image-1747\" srcset=\"https:\/\/ruthmann.de\/wp-content\/uploads\/2025\/05\/ECOLINE_RS_240_MB.jpg 924w, https:\/\/ruthmann.de\/wp-content\/uploads\/2025\/05\/ECOLINE_RS_240_MB-300x200.jpg 300w, https:\/\/ruthmann.de\/wp-content\/uploads\/2025\/05\/ECOLINE_RS_240_MB-768x512.jpg 768w\" sizes=\"(max-width: 924px) 100vw, 924px\" \/><\/figure>\n\n\n\n<figure class=\"wp-block-image size-large\"><img decoding=\"async\" width=\"924\" height=\"693\" data-id=\"1750\" src=\"https:\/\/ruthmann.de\/wp-content\/uploads\/2025\/05\/RUTHMANN_STEIGER_TBR_230.jpg\" alt=\"\" class=\"wp-image-1750\" srcset=\"https:\/\/ruthmann.de\/wp-content\/uploads\/2025\/05\/RUTHMANN_STEIGER_TBR_230.jpg 924w, https:\/\/ruthmann.de\/wp-content\/uploads\/2025\/05\/RUTHMANN_STEIGER_TBR_230-300x225.jpg 300w, https:\/\/ruthmann.de\/wp-content\/uploads\/2025\/05\/RUTHMANN_STEIGER_TBR_230-768x576.jpg 768w\" sizes=\"(max-width: 924px) 100vw, 924px\" \/><\/figure>\n\n\n\n<figure class=\"wp-block-image size-large\"><img loading=\"lazy\" decoding=\"async\" width=\"924\" height=\"520\" data-id=\"1748\" src=\"https:\/\/ruthmann.de\/wp-content\/uploads\/2025\/05\/VERSALIFT-VTX-240-Dacharbeiten.jpg\" alt=\"\" class=\"wp-image-1748\" srcset=\"https:\/\/ruthmann.de\/wp-content\/uploads\/2025\/05\/VERSALIFT-VTX-240-Dacharbeiten.jpg 924w, https:\/\/ruthmann.de\/wp-content\/uploads\/2025\/05\/VERSALIFT-VTX-240-Dacharbeiten-300x169.jpg 300w, https:\/\/ruthmann.de\/wp-content\/uploads\/2025\/05\/VERSALIFT-VTX-240-Dacharbeiten-768x432.jpg 768w\" sizes=\"(max-width: 924px) 100vw, 924px\" \/><\/figure>\n\n\n\n<figure class=\"wp-block-image size-large\"><img loading=\"lazy\" decoding=\"async\" width=\"924\" height=\"606\" data-id=\"1746\" src=\"https:\/\/ruthmann.de\/wp-content\/uploads\/2025\/05\/RUTHMANN_STEIGER_T_330_XS_Rueckansicht_Dachdecker.jpg\" alt=\"\" class=\"wp-image-1746\" srcset=\"https:\/\/ruthmann.de\/wp-content\/uploads\/2025\/05\/RUTHMANN_STEIGER_T_330_XS_Rueckansicht_Dachdecker.jpg 924w, https:\/\/ruthmann.de\/wp-content\/uploads\/2025\/05\/RUTHMANN_STEIGER_T_330_XS_Rueckansicht_Dachdecker-300x197.jpg 300w, https:\/\/ruthmann.de\/wp-content\/uploads\/2025\/05\/RUTHMANN_STEIGER_T_330_XS_Rueckansicht_Dachdecker-768x504.jpg 768w\" sizes=\"(max-width: 924px) 100vw, 924px\" \/><\/figure>\n<\/figure>\n\n<h1 class=\"wp-block-heading\">Nous vous invitons ! Obtenez votre billet GRATUIT <\/h1>\n\n<p>Vous souhaitez nous rendre visite au salon DACH+HOLZ et vous n&rsquo;avez pas encore de billet ? Nous vous invitons et vous offrons un ticket gratuit pour vous et votre accompagnateur. Pour recevoir le bon pour votre ticket d&rsquo;un jour, il vous suffit de remplir le formulaire de contact ci-dessous.  <\/p>\n\n<p>Vous ne pouvez pas vous rendre au salon de Stuttgart ? N&rsquo;h\u00e9sitez pas \u00e0 convenir d&rsquo;un rendez-vous individuel avec nous. Nous sommes impatients de relever votre d\u00e9fi !  <\/p>\n\n<p><\/p>\n","protected":false},"excerpt":{"rendered":"<p>Le salon DACH + HOLZ International aura lieu du 05 au 08 mars 2024 \u00e0 Stuttgart. Nous y serons pr\u00e9sents pour la premi\u00e8re fois cette ann\u00e9e en tant qu&rsquo;exposant et nous nous r\u00e9jouissons de votre visite dans le hall 7 au stand 7.428. Horaires d&rsquo;ouverture : MARDI &#8211; VENDREDI de 09h \u00e0 18h Venez d\u00e9couvrir [&hellip;]<\/p>\n","protected":false},"author":3,"featured_media":4016,"comment_status":"open","ping_status":"open","sticky":false,"template":"","format":"standard","meta":{"_acf_changed":false,"footnotes":""},"categories":[132],"tags":[],"class_list":["post-4015","post","type-post","status-publish","format-standard","has-post-thumbnail","hentry","category-non-classe"],"acf":[],"_links":{"self":[{"href":"https:\/\/ruthmann.de\/fr\/wp-json\/wp\/v2\/posts\/4015","targetHints":{"allow":["GET"]}}],"collection":[{"href":"https:\/\/ruthmann.de\/fr\/wp-json\/wp\/v2\/posts"}],"about":[{"href":"https:\/\/ruthmann.de\/fr\/wp-json\/wp\/v2\/types\/post"}],"author":[{"embeddable":true,"href":"https:\/\/ruthmann.de\/fr\/wp-json\/wp\/v2\/users\/3"}],"replies":[{"embeddable":true,"href":"https:\/\/ruthmann.de\/fr\/wp-json\/wp\/v2\/comments?post=4015"}],"version-history":[{"count":2,"href":"https:\/\/ruthmann.de\/fr\/wp-json\/wp\/v2\/posts\/4015\/revisions"}],"predecessor-version":[{"id":4021,"href":"https:\/\/ruthmann.de\/fr\/wp-json\/wp\/v2\/posts\/4015\/revisions\/4021"}],"wp:featuredmedia":[{"embeddable":true,"href":"https:\/\/ruthmann.de\/fr\/wp-json\/wp\/v2\/media\/4016"}],"wp:attachment":[{"href":"https:\/\/ruthmann.de\/fr\/wp-json\/wp\/v2\/media?parent=4015"}],"wp:term":[{"taxonomy":"category","embeddable":true,"href":"https:\/\/ruthmann.de\/fr\/wp-json\/wp\/v2\/categories?post=4015"},{"taxonomy":"post_tag","embeddable":true,"href":"https:\/\/ruthmann.de\/fr\/wp-json\/wp\/v2\/tags?post=4015"}],"curies":[{"name":"wp","href":"https:\/\/api.w.org\/{rel}","templated":true}]}}