{"id":4058,"date":"2024-09-09T12:58:54","date_gmt":"2024-09-09T12:58:54","guid":{"rendered":"https:\/\/ruthmann.de\/invitation-a-la-foire-galabau-2024\/"},"modified":"2026-04-30T09:41:25","modified_gmt":"2026-04-30T09:41:25","slug":"invitation-a-la-foire-galabau-2024","status":"publish","type":"post","link":"https:\/\/ruthmann.de\/fr\/invitation-a-la-foire-galabau-2024\/","title":{"rendered":"Invitation \u00e0 la foire GaLaBau 2024"},"content":{"rendered":"\n<div class=\"wp-block-columns is-layout-flex wp-container-core-columns-is-layout-28f84493 wp-block-columns-is-layout-flex\">\n<div class=\"wp-block-column is-layout-flow wp-block-column-is-layout-flow\">\n<p>Nous avons le plaisir de vous inviter au salon GaLaBau de cette ann\u00e9e <strong>, qui se<\/strong> tiendra \u00e0 Nuremberg <strong>du 11 au 14 septembre 2024<\/strong>. Venez nous rendre visite sur l&rsquo;<strong>espace d&rsquo;action n\u00b0 Eo7<\/strong> \u00e0 l&rsquo;ext\u00e9rieur, o\u00f9 nous vous pr\u00e9senterons les derniers produits phares pour les paysagistes et les jardiniers. <\/p>\n<\/div>\n\n\n\n<div class=\"wp-block-column is-layout-flow wp-block-column-is-layout-flow\">\n<figure class=\"wp-block-image size-full\"><img fetchpriority=\"high\" decoding=\"async\" width=\"924\" height=\"640\" src=\"https:\/\/ruthmann.de\/wp-content\/uploads\/2025\/04\/GaLaBau_thumb.jpg\" alt=\"\" class=\"wp-image-1512\" srcset=\"https:\/\/ruthmann.de\/wp-content\/uploads\/2025\/04\/GaLaBau_thumb.jpg 924w, https:\/\/ruthmann.de\/wp-content\/uploads\/2025\/04\/GaLaBau_thumb-300x208.jpg 300w, https:\/\/ruthmann.de\/wp-content\/uploads\/2025\/04\/GaLaBau_thumb-768x532.jpg 768w\" sizes=\"(max-width: 924px) 100vw, 924px\" \/><\/figure>\n<\/div>\n<\/div>\n\n<h1 class=\"wp-block-heading\">Nos pi\u00e8ces d&rsquo;exposition :<\/h1>\n\n<h2 class=\"wp-block-heading\"><strong>RUTHMANN BLUELIFT ST 31<\/strong><\/h2>\n\n<figure class=\"wp-block-image size-full\"><img decoding=\"async\" width=\"924\" height=\"653\" src=\"https:\/\/ruthmann.de\/wp-content\/uploads\/2025\/04\/Titel_BLUELIFT_schwarz_beschriftet_DSCF5752-.jpeg\" alt=\"\" class=\"wp-image-1514\" srcset=\"https:\/\/ruthmann.de\/wp-content\/uploads\/2025\/04\/Titel_BLUELIFT_schwarz_beschriftet_DSCF5752-.jpeg 924w, https:\/\/ruthmann.de\/wp-content\/uploads\/2025\/04\/Titel_BLUELIFT_schwarz_beschriftet_DSCF5752--300x212.jpeg 300w, https:\/\/ruthmann.de\/wp-content\/uploads\/2025\/04\/Titel_BLUELIFT_schwarz_beschriftet_DSCF5752--768x543.jpeg 768w\" sizes=\"(max-width: 924px) 100vw, 924px\" \/><\/figure>\n\n<p>Venez d\u00e9couvrir la c\u00e9l\u00e8bre nacelle \u00e9l\u00e9vatrice sur chenilles en direct lors du salon ! Avec une hauteur de travail de 31 m\u00e8tres, une port\u00e9e allant jusqu&rsquo;\u00e0 18 m\u00e8tres et une charge utile de 400 kg, la <strong>BLUELIFT ST 31<\/strong> est parfaite pour les travaux d&rsquo;\u00e9lagage exigeants. Sa construction compacte et son ch\u00e2ssis \u00e0 chenilles extensible en font le compagnon id\u00e9al pour l&rsquo;am\u00e9nagement des jardins et des espaces verts. Vous pouvez l&rsquo;essayer sur place.   <\/p>\n\n<h2 class=\"wp-block-heading\"><strong>RUTHMANN STEIGER\u00ae T 330 XS<\/strong><\/h2>\n\n<figure class=\"wp-block-image size-full\"><img decoding=\"async\" width=\"924\" height=\"458\" src=\"https:\/\/ruthmann.de\/wp-content\/uploads\/2025\/04\/Frontansicht_T-330-XS.jpg\" alt=\"\" class=\"wp-image-1513\" srcset=\"https:\/\/ruthmann.de\/wp-content\/uploads\/2025\/04\/Frontansicht_T-330-XS.jpg 924w, https:\/\/ruthmann.de\/wp-content\/uploads\/2025\/04\/Frontansicht_T-330-XS-300x149.jpg 300w, https:\/\/ruthmann.de\/wp-content\/uploads\/2025\/04\/Frontansicht_T-330-XS-768x381.jpg 768w\" sizes=\"(max-width: 924px) 100vw, 924px\" \/><\/figure>\n\n<p>Sur la zone d?action ext\u00e9rieure, le nouveau <strong>STEIGER\u00ae T 330 XS<\/strong> vous attend avec une hauteur de travail impressionnante de 33 m\u00e8tres et une port\u00e9e allant jusqu?\u00e0 21,75 m\u00e8tres. Malgr\u00e9 ses performances, ce mod\u00e8le est particuli\u00e8rement compact et maniable, ce qui en fait un outil indispensable sur les chantiers exigus. <\/p>\n\n<h2 class=\"wp-block-heading\"><strong>RUTHMANN BLUELIFT SA 18 HB<\/strong><\/h2>\n\n<figure class=\"wp-block-image size-full\"><img loading=\"lazy\" decoding=\"async\" width=\"924\" height=\"616\" src=\"http:\/\/ruthmann.de\/wp-content\/uploads\/2025\/04\/E_BLUELIFT_SA-18.jpg\" alt=\"\" class=\"wp-image-1516\" srcset=\"https:\/\/ruthmann.de\/wp-content\/uploads\/2025\/04\/E_BLUELIFT_SA-18.jpg 924w, https:\/\/ruthmann.de\/wp-content\/uploads\/2025\/04\/E_BLUELIFT_SA-18-300x200.jpg 300w, https:\/\/ruthmann.de\/wp-content\/uploads\/2025\/04\/E_BLUELIFT_SA-18-768x512.jpg 768w\" sizes=\"(max-width: 924px) 100vw, 924px\" \/><\/figure>\n\n<p>Sur notre stand int\u00e9rieur dans le hall 5, nous vous pr\u00e9sentons la BLUELIFT SA 18 HB. Cette nacelle \u00e9l\u00e9vatrice compacte sur chenilles se distingue par sa grande flexibilit\u00e9 et sa maniabilit\u00e9, avec une port\u00e9e lat\u00e9rale de 9,30 m\u00e8tres et une hauteur de travail de 17,8 m\u00e8tres. Gr\u00e2ce \u00e0 ses dimensions compactes, elle est parfaitement adapt\u00e9e aux travaux d&rsquo;int\u00e9rieur et d&rsquo;ext\u00e9rieur.  <\/p>\n\n<h2 class=\"wp-block-heading\"><strong>RUTHMANN STEIGER\u00ae Ampero TBR 260 E<\/strong><\/h2>\n\n<figure class=\"wp-block-image size-full\"><img loading=\"lazy\" decoding=\"async\" width=\"924\" height=\"617\" src=\"https:\/\/ruthmann.de\/wp-content\/uploads\/2025\/04\/RUTHMANN_Ampero_TBR_260_E_Messe-1.jpg\" alt=\"\" class=\"wp-image-1517\" srcset=\"https:\/\/ruthmann.de\/wp-content\/uploads\/2025\/04\/RUTHMANN_Ampero_TBR_260_E_Messe-1.jpg 924w, https:\/\/ruthmann.de\/wp-content\/uploads\/2025\/04\/RUTHMANN_Ampero_TBR_260_E_Messe-1-300x200.jpg 300w, https:\/\/ruthmann.de\/wp-content\/uploads\/2025\/04\/RUTHMANN_Ampero_TBR_260_E_Messe-1-768x513.jpg 768w\" sizes=\"(max-width: 924px) 100vw, 924px\" \/><\/figure>\n\n<p>Le STEIGER\u00ae AMPERO TBR 260 E enti\u00e8rement \u00e9lectrique vous offre un travail silencieux et sans \u00e9mission de gaz d&rsquo;\u00e9chappement. Ce concept innovant utilise la batterie de l&rsquo;IVECO eDaily \u00e0 la fois pour la traction et pour l&rsquo;entra\u00eenement du STEIGER\u00ae. D\u00e9couvrez l&rsquo;avenir du travail respectueux de l&rsquo;environnement !  <\/p>\n\n<p>Nos conseillers client\u00e8le sont \u00e0 votre disposition pour vous fournir des informations compl\u00e8tes sur toute notre gamme de produits &#8211; de STEIGER\u00ae, ECOLINE, BLUELIFT, VERSALIFT, France El\u00e9vateur et MOVEX jusqu&rsquo;au SERVICE qualifi\u00e9 et aux accessoires pratiques.<\/p>\n\n<h1 class=\"wp-block-heading\">Nous nous r\u00e9jouissons de votre visite !<\/h1>\n\n<p><strong>Heures d&rsquo;ouverture du salon :<\/strong><\/p>\n\n<ul class=\"wp-block-list\">\n<li>Mercredi-vendredi : 09h00 &#8211; 18h00<\/li>\n\n\n\n<li>Samedi : 09:00 &#8211; 16:00 heures<\/li>\n<\/ul>\n\n<p>Venez nous rendre visite et laissez-vous s\u00e9duire par nos solutions innovantes pour relever vos d\u00e9fis quotidiens en mati\u00e8re d&rsquo;horticulture et d&rsquo;am\u00e9nagement paysager. Nous sommes impatients de vous rencontrer ! <\/p>\n\n<p>Pour plus d&rsquo;informations, consultez le site <a href=\"https:\/\/www.galabau-messe.com\/\">www.galabau-messe.com.<\/a><\/p>\n\n<p><\/p>\n","protected":false},"excerpt":{"rendered":"<p>Nous avons le plaisir de vous inviter au salon GaLaBau de cette ann\u00e9e , qui se tiendra \u00e0 Nuremberg du 11 au 14 septembre 2024. Venez nous rendre visite sur l&rsquo;espace d&rsquo;action n\u00b0 Eo7 \u00e0 l&rsquo;ext\u00e9rieur, o\u00f9 nous vous pr\u00e9senterons les derniers produits phares pour les paysagistes et les jardiniers. Nos pi\u00e8ces d&rsquo;exposition : RUTHMANN [&hellip;]<\/p>\n","protected":false},"author":3,"featured_media":4059,"comment_status":"open","ping_status":"open","sticky":false,"template":"","format":"standard","meta":{"_acf_changed":false,"footnotes":""},"categories":[132],"tags":[],"class_list":["post-4058","post","type-post","status-publish","format-standard","has-post-thumbnail","hentry","category-non-classe"],"acf":[],"_links":{"self":[{"href":"https:\/\/ruthmann.de\/fr\/wp-json\/wp\/v2\/posts\/4058","targetHints":{"allow":["GET"]}}],"collection":[{"href":"https:\/\/ruthmann.de\/fr\/wp-json\/wp\/v2\/posts"}],"about":[{"href":"https:\/\/ruthmann.de\/fr\/wp-json\/wp\/v2\/types\/post"}],"author":[{"embeddable":true,"href":"https:\/\/ruthmann.de\/fr\/wp-json\/wp\/v2\/users\/3"}],"replies":[{"embeddable":true,"href":"https:\/\/ruthmann.de\/fr\/wp-json\/wp\/v2\/comments?post=4058"}],"version-history":[{"count":2,"href":"https:\/\/ruthmann.de\/fr\/wp-json\/wp\/v2\/posts\/4058\/revisions"}],"predecessor-version":[{"id":4061,"href":"https:\/\/ruthmann.de\/fr\/wp-json\/wp\/v2\/posts\/4058\/revisions\/4061"}],"wp:featuredmedia":[{"embeddable":true,"href":"https:\/\/ruthmann.de\/fr\/wp-json\/wp\/v2\/media\/4059"}],"wp:attachment":[{"href":"https:\/\/ruthmann.de\/fr\/wp-json\/wp\/v2\/media?parent=4058"}],"wp:term":[{"taxonomy":"category","embeddable":true,"href":"https:\/\/ruthmann.de\/fr\/wp-json\/wp\/v2\/categories?post=4058"},{"taxonomy":"post_tag","embeddable":true,"href":"https:\/\/ruthmann.de\/fr\/wp-json\/wp\/v2\/tags?post=4058"}],"curies":[{"name":"wp","href":"https:\/\/api.w.org\/{rel}","templated":true}]}}