{"id":4133,"date":"2024-08-05T06:06:52","date_gmt":"2024-08-05T06:06:52","guid":{"rendered":"https:\/\/ruthmann.de\/ruthmann-suisse-sa-remet-le-versalift-vdt-180-fz-a-la-compagnie-delectricite-du-canton-de-zurich-ekz\/"},"modified":"2026-04-30T09:41:37","modified_gmt":"2026-04-30T09:41:37","slug":"ruthmann-suisse-sa-remet-le-versalift-vdt-180-fz-a-la-compagnie-delectricite-du-canton-de-zurich-ekz","status":"publish","type":"post","link":"https:\/\/ruthmann.de\/fr\/ruthmann-suisse-sa-remet-le-versalift-vdt-180-fz-a-la-compagnie-delectricite-du-canton-de-zurich-ekz\/","title":{"rendered":"Ruthmann Suisse SA remet le VERSALIFT VDT-180-FZ \u00e0 la compagnie d&rsquo;\u00e9lectricit\u00e9 du canton de Zurich &#8211; EKZ"},"content":{"rendered":"\n<p>Ruthmann Suisse SA est heureux d&rsquo;annoncer la livraison r\u00e9ussie d&rsquo;une nouvelle VERSALIFT VDT-180-FZ sur Mercedes-Benz 519 CDI 4 x 2 \u00e0 la compagnie d&rsquo;\u00e9lectricit\u00e9 du canton de Zurich (EKZ). La c\u00e9r\u00e9monie de livraison a eu lieu au Werkhof de Wetzikon, o\u00f9 les employ\u00e9s ont accueilli avec enthousiasme la nouvelle plateforme \u00e9l\u00e9vatrice. <\/p>\n\n<figure class=\"wp-block-gallery has-nested-images columns-default is-cropped wp-block-gallery-1 is-layout-flex wp-block-gallery-is-layout-flex\">\n<figure class=\"wp-block-image size-large\"><img fetchpriority=\"high\" decoding=\"async\" width=\"924\" height=\"693\" data-id=\"1550\" src=\"https:\/\/ruthmann.de\/wp-content\/uploads\/2025\/04\/VERSALIFT_VDT-180_Hubarbeitsbuehne_Elektrizitaetswerke-Kanton-Zuerich-4.jpeg\" alt=\"\" class=\"wp-image-1550\" srcset=\"https:\/\/ruthmann.de\/wp-content\/uploads\/2025\/04\/VERSALIFT_VDT-180_Hubarbeitsbuehne_Elektrizitaetswerke-Kanton-Zuerich-4.jpeg 924w, https:\/\/ruthmann.de\/wp-content\/uploads\/2025\/04\/VERSALIFT_VDT-180_Hubarbeitsbuehne_Elektrizitaetswerke-Kanton-Zuerich-4-300x225.jpeg 300w, https:\/\/ruthmann.de\/wp-content\/uploads\/2025\/04\/VERSALIFT_VDT-180_Hubarbeitsbuehne_Elektrizitaetswerke-Kanton-Zuerich-4-768x576.jpeg 768w\" sizes=\"(max-width: 924px) 100vw, 924px\" \/><\/figure>\n\n\n\n<figure class=\"wp-block-image size-large\"><img decoding=\"async\" width=\"924\" height=\"693\" data-id=\"1549\" src=\"https:\/\/ruthmann.de\/wp-content\/uploads\/2025\/04\/VERSALIFT_VDT-180_Hubarbeitsbuehne_Elektrizitaetswerke-Kanton-Zuerich-5_0.jpeg\" alt=\"\" class=\"wp-image-1549\" srcset=\"https:\/\/ruthmann.de\/wp-content\/uploads\/2025\/04\/VERSALIFT_VDT-180_Hubarbeitsbuehne_Elektrizitaetswerke-Kanton-Zuerich-5_0.jpeg 924w, https:\/\/ruthmann.de\/wp-content\/uploads\/2025\/04\/VERSALIFT_VDT-180_Hubarbeitsbuehne_Elektrizitaetswerke-Kanton-Zuerich-5_0-300x225.jpeg 300w, https:\/\/ruthmann.de\/wp-content\/uploads\/2025\/04\/VERSALIFT_VDT-180_Hubarbeitsbuehne_Elektrizitaetswerke-Kanton-Zuerich-5_0-768x576.jpeg 768w\" sizes=\"(max-width: 924px) 100vw, 924px\" \/><\/figure>\n<\/figure>\n\n<p>Le v\u00e9hicule se distingue par son \u00e9quipement complet, sp\u00e9cialement adapt\u00e9 aux exigences de l&rsquo;EKZ. Parmi les points forts, on peut citer <\/p>\n\n<ul class=\"wp-block-list\">\n<li><strong>D\u00e9placement :<\/strong> permet de se d\u00e9placer avec la nacelle lev\u00e9e, ce qui fait gagner un temps pr\u00e9cieux.<\/li>\n\n\n\n<li><strong>Transmission hybride :<\/strong> assure des missions respectueuses de l&rsquo;environnement et \u00e9conomes en \u00e9nergie.<\/li>\n\n\n\n<li><strong>Am\u00e9nagement de l&rsquo;atelier :<\/strong> offre aux employ\u00e9s sur place des conditions de travail optimales.<\/li>\n\n\n\n<li><strong>Passage vers la cabine :<\/strong> am\u00e9liore le confort et la s\u00e9curit\u00e9 des op\u00e9rateurs.<\/li>\n<\/ul>\n\n<p>De plus, le v\u00e9hicule peint dans la couleur de votre choix, Lemongreen, impressionne par son frein de stationnement sur les 4 roues et son crochet d&rsquo;attelage. Ces caract\u00e9ristiques font de ce v\u00e9hicule non seulement un accroche-regard, mais aussi un outil de travail polyvalent. <\/p>\n\n<p>Les caract\u00e9ristiques techniques de la plate-forme \u00e9l\u00e9vatrice comprennent une hauteur de travail de 18 m\u00e8tres, une port\u00e9e de 9,5 m\u00e8tres et une charge en panier de 230 kg. Ces param\u00e8tres lui permettent d&rsquo;\u00eatre utilis\u00e9e dans de nombreux domaines d&rsquo;application et garantissent une efficacit\u00e9 et une s\u00e9curit\u00e9 maximales lors du travail. <\/p>\n\n<p>Avec cette nouvelle acquisition, EKZ renforce sa flotte et am\u00e9liore les conditions pour un travail fiable et s\u00fbr en hauteur. Ruthmann Schweiz AG est fier de pouvoir soutenir EKZ en tant que partenaire fiable dans la r\u00e9alisation de ses projets exigeants. <\/p>\n","protected":false},"excerpt":{"rendered":"<p>Ruthmann Suisse SA est heureux d&rsquo;annoncer la livraison r\u00e9ussie d&rsquo;une nouvelle VERSALIFT VDT-180-FZ sur Mercedes-Benz 519 CDI 4 x 2 \u00e0 la compagnie d&rsquo;\u00e9lectricit\u00e9 du canton de Zurich (EKZ). La c\u00e9r\u00e9monie de livraison a eu lieu au Werkhof de Wetzikon, o\u00f9 les employ\u00e9s ont accueilli avec enthousiasme la nouvelle plateforme \u00e9l\u00e9vatrice. Le v\u00e9hicule se distingue [&hellip;]<\/p>\n","protected":false},"author":3,"featured_media":4134,"comment_status":"open","ping_status":"open","sticky":false,"template":"","format":"standard","meta":{"_acf_changed":false,"footnotes":""},"categories":[132],"tags":[],"class_list":["post-4133","post","type-post","status-publish","format-standard","has-post-thumbnail","hentry","category-non-classe"],"acf":[],"_links":{"self":[{"href":"https:\/\/ruthmann.de\/fr\/wp-json\/wp\/v2\/posts\/4133","targetHints":{"allow":["GET"]}}],"collection":[{"href":"https:\/\/ruthmann.de\/fr\/wp-json\/wp\/v2\/posts"}],"about":[{"href":"https:\/\/ruthmann.de\/fr\/wp-json\/wp\/v2\/types\/post"}],"author":[{"embeddable":true,"href":"https:\/\/ruthmann.de\/fr\/wp-json\/wp\/v2\/users\/3"}],"replies":[{"embeddable":true,"href":"https:\/\/ruthmann.de\/fr\/wp-json\/wp\/v2\/comments?post=4133"}],"version-history":[{"count":2,"href":"https:\/\/ruthmann.de\/fr\/wp-json\/wp\/v2\/posts\/4133\/revisions"}],"predecessor-version":[{"id":4136,"href":"https:\/\/ruthmann.de\/fr\/wp-json\/wp\/v2\/posts\/4133\/revisions\/4136"}],"wp:featuredmedia":[{"embeddable":true,"href":"https:\/\/ruthmann.de\/fr\/wp-json\/wp\/v2\/media\/4134"}],"wp:attachment":[{"href":"https:\/\/ruthmann.de\/fr\/wp-json\/wp\/v2\/media?parent=4133"}],"wp:term":[{"taxonomy":"category","embeddable":true,"href":"https:\/\/ruthmann.de\/fr\/wp-json\/wp\/v2\/categories?post=4133"},{"taxonomy":"post_tag","embeddable":true,"href":"https:\/\/ruthmann.de\/fr\/wp-json\/wp\/v2\/tags?post=4133"}],"curies":[{"name":"wp","href":"https:\/\/api.w.org\/{rel}","templated":true}]}}