{"id":4165,"date":"2023-11-07T08:46:00","date_gmt":"2023-11-07T08:46:00","guid":{"rendered":"https:\/\/ruthmann.de\/ruthmann-autriche-accueille-sa-nouvelle-collegue-des-ventes-sur-le-terrain\/"},"modified":"2026-04-30T09:41:49","modified_gmt":"2026-04-30T09:41:49","slug":"ruthmann-autriche-accueille-sa-nouvelle-collegue-des-ventes-sur-le-terrain","status":"publish","type":"post","link":"https:\/\/ruthmann.de\/fr\/ruthmann-autriche-accueille-sa-nouvelle-collegue-des-ventes-sur-le-terrain\/","title":{"rendered":"Ruthmann Autriche accueille sa nouvelle coll\u00e8gue des ventes sur le terrain"},"content":{"rendered":"\n<p>Nous avons le plaisir de vous pr\u00e9senter notre nouvelle collaboratrice du service commercial Jessica W\u00f6lkart :<br\/>Madame Jessica W\u00f6lkart a \u00e9t\u00e9 longuement form\u00e9e \u00e0 nos produits au cours des derni\u00e8res semaines et est d\u00e9sormais \u00e0 votre disposition pour r\u00e9pondre \u00e0 vos questions sur nos STEIGER\u00ae, ECOLINE, BLUELIFT, NiftyLift, VERSALIFT, FranceElevateur et nacelles Movex et vous conseillera volontiers sur les tendances et d\u00e9veloppements actuels.<\/p>\n\n<p>Mme W\u00f6lkart a grandi dans l&rsquo;entreprise de machines agricoles de ses parents et y a travaill\u00e9 pendant des ann\u00e9es en tant qu&rsquo;adulte dans les achats, les ventes et l&rsquo;organisation. Elle a ensuite pass\u00e9 6 ans dans le service ext\u00e9rieur avant de devenir un membre appr\u00e9ci\u00e9 de la famille Ruthmann-Autriche le 4 septembre 2023. <\/p>\n\n<p>De plus, Mme W\u00f6lkart a suivi une formation de ma\u00eetre-artisan en technique de machines agricoles et de construction !  <\/p>\n\n<p>Avec Jessica W\u00f6lkart comme repr\u00e9sentante commerciale, nous avons \u00e0 nos c\u00f4t\u00e9s une conseill\u00e8re sympathique, engag\u00e9e et exp\u00e9riment\u00e9e qui a pu acqu\u00e9rir de vastes connaissances et comp\u00e9tences dans la vente au cours des derni\u00e8res ann\u00e9es.<\/p>\n\n<p>Vous pouvez d\u00e8s \u00e0 pr\u00e9sent contacter Mme W\u00f6lkart au +43 664 \/ 510 66 62 ou <a href=\"mailto:jessica.woelkart@ruthmann.at\">jessica.woelkart@ruthmann.at<\/a>.<\/p>\n","protected":false},"excerpt":{"rendered":"<p>Nous avons le plaisir de vous pr\u00e9senter notre nouvelle collaboratrice du service commercial Jessica W\u00f6lkart :Madame Jessica W\u00f6lkart a \u00e9t\u00e9 longuement form\u00e9e \u00e0 nos produits au cours des derni\u00e8res semaines et est d\u00e9sormais \u00e0 votre disposition pour r\u00e9pondre \u00e0 vos questions sur nos STEIGER\u00ae, ECOLINE, BLUELIFT, NiftyLift, VERSALIFT, FranceElevateur et nacelles Movex et vous conseillera [&hellip;]<\/p>\n","protected":false},"author":3,"featured_media":4166,"comment_status":"open","ping_status":"open","sticky":false,"template":"","format":"standard","meta":{"_acf_changed":false,"footnotes":""},"categories":[132],"tags":[],"class_list":["post-4165","post","type-post","status-publish","format-standard","has-post-thumbnail","hentry","category-non-classe"],"acf":[],"_links":{"self":[{"href":"https:\/\/ruthmann.de\/fr\/wp-json\/wp\/v2\/posts\/4165","targetHints":{"allow":["GET"]}}],"collection":[{"href":"https:\/\/ruthmann.de\/fr\/wp-json\/wp\/v2\/posts"}],"about":[{"href":"https:\/\/ruthmann.de\/fr\/wp-json\/wp\/v2\/types\/post"}],"author":[{"embeddable":true,"href":"https:\/\/ruthmann.de\/fr\/wp-json\/wp\/v2\/users\/3"}],"replies":[{"embeddable":true,"href":"https:\/\/ruthmann.de\/fr\/wp-json\/wp\/v2\/comments?post=4165"}],"version-history":[{"count":2,"href":"https:\/\/ruthmann.de\/fr\/wp-json\/wp\/v2\/posts\/4165\/revisions"}],"predecessor-version":[{"id":4169,"href":"https:\/\/ruthmann.de\/fr\/wp-json\/wp\/v2\/posts\/4165\/revisions\/4169"}],"wp:featuredmedia":[{"embeddable":true,"href":"https:\/\/ruthmann.de\/fr\/wp-json\/wp\/v2\/media\/4166"}],"wp:attachment":[{"href":"https:\/\/ruthmann.de\/fr\/wp-json\/wp\/v2\/media?parent=4165"}],"wp:term":[{"taxonomy":"category","embeddable":true,"href":"https:\/\/ruthmann.de\/fr\/wp-json\/wp\/v2\/categories?post=4165"},{"taxonomy":"post_tag","embeddable":true,"href":"https:\/\/ruthmann.de\/fr\/wp-json\/wp\/v2\/tags?post=4165"}],"curies":[{"name":"wp","href":"https:\/\/api.w.org\/{rel}","templated":true}]}}