{"id":4178,"date":"2024-05-29T06:50:54","date_gmt":"2024-05-29T06:50:54","guid":{"rendered":"https:\/\/ruthmann.de\/versalift-vtx-240-g3-supporte-elektrotechnik-rainer-og\/"},"modified":"2026-04-30T09:41:49","modified_gmt":"2026-04-30T09:41:49","slug":"versalift-vtx-240-g3-supporte-elektrotechnik-rainer-og","status":"publish","type":"post","link":"https:\/\/ruthmann.de\/fr\/versalift-vtx-240-g3-supporte-elektrotechnik-rainer-og\/","title":{"rendered":"VERSALIFT VTX 240 G3 supporte Elektrotechnik Rainer OG"},"content":{"rendered":"\n<div class=\"wp-block-columns is-layout-flex wp-container-core-columns-is-layout-28f84493 wp-block-columns-is-layout-flex\">\n<div class=\"wp-block-column is-layout-flow wp-block-column-is-layout-flow\">\n<p>Elektrotechnik Rainer OG se r\u00e9jouit de sa premi\u00e8re nacelle \u00e9l\u00e9vatrice de la maison RUTHMANN, la VERSALIFT\u00ae VTX 240 G3<\/p>\n\n\n\n<p>La VERSALIFT\u00ae VTX 240 G3 a une longueur hors tout de 6,92 m et une hauteur libre tr\u00e8s basse de 2,28 m. La nacelle sur camion offre une hauteur de travail de 24,20 m et une port\u00e9e de 12,5 m, le tout associ\u00e9 \u00e0 un ch\u00e2ssis de 3,5 t qui peut \u00eatre conduit par n&rsquo;importe qui avec un permis de conduire de cat\u00e9gorie B pour voiture.<\/p>\n\n\n\n<p>RUTHMANN GmbH Autriche souhaite \u00e0 la soci\u00e9t\u00e9 Elektrotechnik Rainer beaucoup de plaisir et de succ\u00e8s avec son VERSALIFT VTX 240 G3 !<\/p>\n<\/div>\n\n\n\n<div class=\"wp-block-column is-layout-flow wp-block-column-is-layout-flow\">\n<figure class=\"wp-block-image size-full\"><img fetchpriority=\"high\" decoding=\"async\" width=\"924\" height=\"693\" src=\"https:\/\/ruthmann.de\/wp-content\/uploads\/2025\/04\/Versalift-VTX-240-G3-11.jpg\" alt=\"\" class=\"wp-image-1615\" srcset=\"https:\/\/ruthmann.de\/wp-content\/uploads\/2025\/04\/Versalift-VTX-240-G3-11.jpg 924w, https:\/\/ruthmann.de\/wp-content\/uploads\/2025\/04\/Versalift-VTX-240-G3-11-300x225.jpg 300w, https:\/\/ruthmann.de\/wp-content\/uploads\/2025\/04\/Versalift-VTX-240-G3-11-768x576.jpg 768w\" sizes=\"(max-width: 924px) 100vw, 924px\" \/><\/figure>\n<\/div>\n<\/div>\n\n<p><\/p>\n","protected":false},"excerpt":{"rendered":"<p>Elektrotechnik Rainer OG se r\u00e9jouit de sa premi\u00e8re nacelle \u00e9l\u00e9vatrice de la maison RUTHMANN, la VERSALIFT\u00ae VTX 240 G3 La VERSALIFT\u00ae VTX 240 G3 a une longueur hors tout de 6,92 m et une hauteur libre tr\u00e8s basse de 2,28 m. La nacelle sur camion offre une hauteur de travail de 24,20 m et une [&hellip;]<\/p>\n","protected":false},"author":3,"featured_media":4179,"comment_status":"open","ping_status":"open","sticky":false,"template":"","format":"standard","meta":{"_acf_changed":false,"footnotes":""},"categories":[132],"tags":[],"class_list":["post-4178","post","type-post","status-publish","format-standard","has-post-thumbnail","hentry","category-non-classe"],"acf":[],"_links":{"self":[{"href":"https:\/\/ruthmann.de\/fr\/wp-json\/wp\/v2\/posts\/4178","targetHints":{"allow":["GET"]}}],"collection":[{"href":"https:\/\/ruthmann.de\/fr\/wp-json\/wp\/v2\/posts"}],"about":[{"href":"https:\/\/ruthmann.de\/fr\/wp-json\/wp\/v2\/types\/post"}],"author":[{"embeddable":true,"href":"https:\/\/ruthmann.de\/fr\/wp-json\/wp\/v2\/users\/3"}],"replies":[{"embeddable":true,"href":"https:\/\/ruthmann.de\/fr\/wp-json\/wp\/v2\/comments?post=4178"}],"version-history":[{"count":2,"href":"https:\/\/ruthmann.de\/fr\/wp-json\/wp\/v2\/posts\/4178\/revisions"}],"predecessor-version":[{"id":4181,"href":"https:\/\/ruthmann.de\/fr\/wp-json\/wp\/v2\/posts\/4178\/revisions\/4181"}],"wp:featuredmedia":[{"embeddable":true,"href":"https:\/\/ruthmann.de\/fr\/wp-json\/wp\/v2\/media\/4179"}],"wp:attachment":[{"href":"https:\/\/ruthmann.de\/fr\/wp-json\/wp\/v2\/media?parent=4178"}],"wp:term":[{"taxonomy":"category","embeddable":true,"href":"https:\/\/ruthmann.de\/fr\/wp-json\/wp\/v2\/categories?post=4178"},{"taxonomy":"post_tag","embeddable":true,"href":"https:\/\/ruthmann.de\/fr\/wp-json\/wp\/v2\/tags?post=4178"}],"curies":[{"name":"wp","href":"https:\/\/api.w.org\/{rel}","templated":true}]}}