{"id":4193,"date":"2024-05-30T06:49:59","date_gmt":"2024-05-30T06:49:59","guid":{"rendered":"https:\/\/ruthmann.de\/retrospective-de-la-fete-nordring-a-vreden\/"},"modified":"2026-04-30T09:41:49","modified_gmt":"2026-04-30T09:41:49","slug":"retrospective-de-la-fete-nordring-a-vreden","status":"publish","type":"post","link":"https:\/\/ruthmann.de\/fr\/retrospective-de-la-fete-nordring-a-vreden\/","title":{"rendered":"R\u00e9trospective de la f\u00eate Nordring \u00e0 Vreden"},"content":{"rendered":"\n<p>D\u00e9but mai a eu lieu la premi\u00e8re Nordring Fest \u00e0 Vreden, une exposition commerciale impressionnante o\u00f9 les entreprises locales ont pr\u00e9sent\u00e9 leurs derniers produits et services. Parmi les nombreux exposants, la soci\u00e9t\u00e9 T&amp;O, repr\u00e9sent\u00e9e par ses directeurs Marco Ostendorf et Alexander Teske, s&rsquo;est particuli\u00e8rement distingu\u00e9e. T&amp;O a profit\u00e9 de l&rsquo;occasion pour souligner son partenariat avec RUTHMANN et pr\u00e9senter une s\u00e9lection des nacelles les plus avanc\u00e9es du c\u00e9l\u00e8bre fabricant.  <\/p>\n\n<p><strong>Points forts de l&rsquo;exposition<\/strong><\/p>\n\n<p>Au centre de la pr\u00e9sentation se trouvaient plusieurs nacelles RUTHMANN de premi\u00e8re classe, qui ont su convaincre tant en terme de performance que de compacit\u00e9. Parmi les machines expos\u00e9es se trouvaient entre autres le STEIGER\u00ae TB 290, le STEIGER\u00ae T 330, l?ECOLINE RS 200, et le VERSALIFT VTL-135-F. <\/p>\n\n<p><strong>Conclusion<\/strong><\/p>\n\n<p>Le Nordring Fest \u00e0 Vreden a \u00e9t\u00e9 un grand succ\u00e8s pour la soci\u00e9t\u00e9 T&amp;O Service et Ruthmann. Les nacelles pr\u00e9sent\u00e9es ont d\u00e9montr\u00e9 de mani\u00e8re impressionnante la force d?innovation et la position de leader de Ruthmann dans le domaine de la technique d?acc\u00e8s en hauteur. Marco Ostendorf et son \u00e9quipe ont accueilli de nombreux visiteurs int\u00e9ress\u00e9s sur leur stand et leur ont expliqu\u00e9 les avantages des derni\u00e8res nacelles RUTHMANN. Cet \u00e9v\u00e9nement a d\u00e9montr\u00e9 une fois de plus l&rsquo;importance de pr\u00e9senter des solutions innovantes et des partenariats solides pour faire face \u00e0 la concurrence et gagner de nouveaux clients.   <\/p>\n","protected":false},"excerpt":{"rendered":"<p>D\u00e9but mai a eu lieu la premi\u00e8re Nordring Fest \u00e0 Vreden, une exposition commerciale impressionnante o\u00f9 les entreprises locales ont pr\u00e9sent\u00e9 leurs derniers produits et services. Parmi les nombreux exposants, la soci\u00e9t\u00e9 T&amp;O, repr\u00e9sent\u00e9e par ses directeurs Marco Ostendorf et Alexander Teske, s&rsquo;est particuli\u00e8rement distingu\u00e9e. T&amp;O a profit\u00e9 de l&rsquo;occasion pour souligner son partenariat avec [&hellip;]<\/p>\n","protected":false},"author":3,"featured_media":4194,"comment_status":"open","ping_status":"open","sticky":false,"template":"","format":"standard","meta":{"_acf_changed":false,"footnotes":""},"categories":[132],"tags":[],"class_list":["post-4193","post","type-post","status-publish","format-standard","has-post-thumbnail","hentry","category-non-classe"],"acf":[],"_links":{"self":[{"href":"https:\/\/ruthmann.de\/fr\/wp-json\/wp\/v2\/posts\/4193","targetHints":{"allow":["GET"]}}],"collection":[{"href":"https:\/\/ruthmann.de\/fr\/wp-json\/wp\/v2\/posts"}],"about":[{"href":"https:\/\/ruthmann.de\/fr\/wp-json\/wp\/v2\/types\/post"}],"author":[{"embeddable":true,"href":"https:\/\/ruthmann.de\/fr\/wp-json\/wp\/v2\/users\/3"}],"replies":[{"embeddable":true,"href":"https:\/\/ruthmann.de\/fr\/wp-json\/wp\/v2\/comments?post=4193"}],"version-history":[{"count":2,"href":"https:\/\/ruthmann.de\/fr\/wp-json\/wp\/v2\/posts\/4193\/revisions"}],"predecessor-version":[{"id":4197,"href":"https:\/\/ruthmann.de\/fr\/wp-json\/wp\/v2\/posts\/4193\/revisions\/4197"}],"wp:featuredmedia":[{"embeddable":true,"href":"https:\/\/ruthmann.de\/fr\/wp-json\/wp\/v2\/media\/4194"}],"wp:attachment":[{"href":"https:\/\/ruthmann.de\/fr\/wp-json\/wp\/v2\/media?parent=4193"}],"wp:term":[{"taxonomy":"category","embeddable":true,"href":"https:\/\/ruthmann.de\/fr\/wp-json\/wp\/v2\/categories?post=4193"},{"taxonomy":"post_tag","embeddable":true,"href":"https:\/\/ruthmann.de\/fr\/wp-json\/wp\/v2\/tags?post=4193"}],"curies":[{"name":"wp","href":"https:\/\/api.w.org\/{rel}","templated":true}]}}