{"id":4198,"date":"2024-06-17T06:26:32","date_gmt":"2024-06-17T06:26:32","guid":{"rendered":"https:\/\/ruthmann.de\/invitation-aux-journees-de-linnovation-sur-lacces-en-hauteur-a-hohenroda\/"},"modified":"2026-04-30T09:41:50","modified_gmt":"2026-04-30T09:41:50","slug":"invitation-aux-journees-de-linnovation-sur-lacces-en-hauteur-a-hohenroda","status":"publish","type":"post","link":"https:\/\/ruthmann.de\/fr\/invitation-aux-journees-de-linnovation-sur-lacces-en-hauteur-a-hohenroda\/","title":{"rendered":"Invitation aux Journ\u00e9es de l&rsquo;innovation sur l&rsquo;acc\u00e8s en hauteur \u00e0 Hohenroda"},"content":{"rendered":"\n<p>Nous avons le plaisir de vous inviter aux Journ\u00e9es de l&rsquo;innovation sur l&rsquo;acc\u00e8s en hauteur <strong>qui se tiendront les 19 et 20 juin 2024<\/strong> \u00e0 Hohenroda.<\/p>\n\n<p>Venez nous rendre visite sur le <strong>stand n\u00b01 <\/strong>\u00e0 l&rsquo;ext\u00e9rieur et d\u00e9couvrez les derniers d\u00e9veloppements et innovations en mati\u00e8re d&rsquo;acc\u00e8s en hauteur. L&rsquo;<strong>entr\u00e9e est gratuite<\/strong> et aucune inscription n&rsquo;est n\u00e9cessaire. <\/p>\n\n<h2 class=\"wp-block-heading\">RUTHMANN ECOLINE 270 en nouvelle version :<br\/>Technique am\u00e9lior\u00e9e et fonctions \u00e9tendues<\/h2>\n\n<figure class=\"wp-block-gallery has-nested-images columns-default is-cropped wp-block-gallery-1 is-layout-flex wp-block-gallery-is-layout-flex\">\n<figure class=\"wp-block-image size-large\"><img fetchpriority=\"high\" decoding=\"async\" width=\"924\" height=\"693\" data-id=\"1590\" src=\"https:\/\/ruthmann.de\/wp-content\/uploads\/2025\/04\/RUTHMANN_ECOLINE_270.jpg\" alt=\"\" class=\"wp-image-1590\" srcset=\"https:\/\/ruthmann.de\/wp-content\/uploads\/2025\/04\/RUTHMANN_ECOLINE_270.jpg 924w, https:\/\/ruthmann.de\/wp-content\/uploads\/2025\/04\/RUTHMANN_ECOLINE_270-300x225.jpg 300w, https:\/\/ruthmann.de\/wp-content\/uploads\/2025\/04\/RUTHMANN_ECOLINE_270-768x576.jpg 768w\" sizes=\"(max-width: 924px) 100vw, 924px\" \/><\/figure>\n\n\n\n<figure class=\"wp-block-image size-large\"><img decoding=\"async\" width=\"924\" height=\"616\" data-id=\"1589\" src=\"https:\/\/ruthmann.de\/wp-content\/uploads\/2025\/04\/RUTHMANN_ECOLINE_270_2.jpg\" alt=\"\" class=\"wp-image-1589\" srcset=\"https:\/\/ruthmann.de\/wp-content\/uploads\/2025\/04\/RUTHMANN_ECOLINE_270_2.jpg 924w, https:\/\/ruthmann.de\/wp-content\/uploads\/2025\/04\/RUTHMANN_ECOLINE_270_2-300x200.jpg 300w, https:\/\/ruthmann.de\/wp-content\/uploads\/2025\/04\/RUTHMANN_ECOLINE_270_2-768x512.jpg 768w\" sizes=\"(max-width: 924px) 100vw, 924px\" \/><\/figure>\n<\/figure>\n\n<p>Un point fort particulier est la pr\u00e9sentation de notre nouvelle <strong>ECOLINE 270.<\/strong> Avec une <strong>hauteur de travail<\/strong> impressionnante <strong>de 27 m\u00e8tres<\/strong> et une <strong>port\u00e9e de 16 m\u00e8tres<\/strong>, l&rsquo;ECOLINE 270 ajoute 3 m\u00e8tres de hauteur de travail \u00e0 notre gamme ECOLINE.<\/p>\n\n<p>Malgr\u00e9 sa puissance, elle convainc par sa <strong>longueur compacte de seulement 7,53 m\u00e8tres<\/strong> et son <strong>inclinaison<\/strong> autoris\u00e9e <strong>jusqu&rsquo;\u00e0 5\u00b0<\/strong>, ce qui lui conf\u00e8re une position particuli\u00e8re dans ce segment et lui permet d&rsquo;\u00eatre install\u00e9e m\u00eame dans des conditions \u00e9troites et difficiles.<\/p>\n\n<p>La nouvelle ECOLINE 270 a fait l&rsquo;objet de <strong>nombreuses optimisations utiles et importantes<\/strong>, toutes bas\u00e9es sur les suggestions des clients.<\/p>\n\n<p>Parmi les principales nouveaut\u00e9s, on trouve un<strong> nouvel \u00e9cran<\/strong> qui am\u00e9liore consid\u00e9rablement le confort d&rsquo;utilisation, ainsi que diverses <strong>optimisations de d\u00e9tail <\/strong>sur la technique d&rsquo;\u00e9tayage, comme des capteurs prot\u00e9g\u00e9s et une pose optimis\u00e9e des flexibles. Ces am\u00e9liorations rendent l&rsquo;ECOLINE 270<strong> plus facile \u00e0 utiliser et plus robuste.<\/strong> <\/p>\n\n<p>Notre <strong>ECOLINE 270<\/strong> se distingue par une construction stable en acier \u00e0 grain fin avec un syst\u00e8me t\u00e9lescopique \u00e9prouv\u00e9 de la fameuse classe STEIGER\u00ae-TB. Beaucoup de savoir-faire et de composants RUTHMANN ont \u00e9t\u00e9 int\u00e9gr\u00e9s de mani\u00e8re modulaire, ce qui augmente sa long\u00e9vit\u00e9 et sa fiabilit\u00e9. <\/p>\n\n<p>Nous vous invitons \u00e0 nous rendre visite aux <strong>Journ\u00e9es de l&rsquo;innovation \u00e0 Hohenroda<\/strong>.<\/p>\n\n<p>Ne manquez pas la l\u00e9gendaire <strong>soir\u00e9e du 19 juin 2024 \u00e0 partir de 19h <\/strong>sur le site de l&rsquo;\u00e9v\u00e9nement.<\/p>\n\n<p>Profitez de l&rsquo;occasion pour \u00e9changer avec nos experts dans une atmosph\u00e8re d\u00e9tendue et en apprendre davantage sur nos produits des marques STEIGER\u00ae, ECOLINE, BLUELIFT, VERSALIFT, France El\u00e9vateur et MOVEX, ainsi que sur notre excellent SERVICE.<\/p>\n\n<h3 class=\"wp-block-heading\">Nous nous r\u00e9jouissons de votre visite !<\/h3>\n\n<p><\/p>\n","protected":false},"excerpt":{"rendered":"<p>Nous avons le plaisir de vous inviter aux Journ\u00e9es de l&rsquo;innovation sur l&rsquo;acc\u00e8s en hauteur qui se tiendront les 19 et 20 juin 2024 \u00e0 Hohenroda. Venez nous rendre visite sur le stand n\u00b01 \u00e0 l&rsquo;ext\u00e9rieur et d\u00e9couvrez les derniers d\u00e9veloppements et innovations en mati\u00e8re d&rsquo;acc\u00e8s en hauteur. L&rsquo;entr\u00e9e est gratuite et aucune inscription n&rsquo;est [&hellip;]<\/p>\n","protected":false},"author":3,"featured_media":4200,"comment_status":"open","ping_status":"open","sticky":false,"template":"","format":"standard","meta":{"_acf_changed":false,"footnotes":""},"categories":[132],"tags":[],"class_list":["post-4198","post","type-post","status-publish","format-standard","has-post-thumbnail","hentry","category-non-classe"],"acf":[],"_links":{"self":[{"href":"https:\/\/ruthmann.de\/fr\/wp-json\/wp\/v2\/posts\/4198","targetHints":{"allow":["GET"]}}],"collection":[{"href":"https:\/\/ruthmann.de\/fr\/wp-json\/wp\/v2\/posts"}],"about":[{"href":"https:\/\/ruthmann.de\/fr\/wp-json\/wp\/v2\/types\/post"}],"author":[{"embeddable":true,"href":"https:\/\/ruthmann.de\/fr\/wp-json\/wp\/v2\/users\/3"}],"replies":[{"embeddable":true,"href":"https:\/\/ruthmann.de\/fr\/wp-json\/wp\/v2\/comments?post=4198"}],"version-history":[{"count":2,"href":"https:\/\/ruthmann.de\/fr\/wp-json\/wp\/v2\/posts\/4198\/revisions"}],"predecessor-version":[{"id":4204,"href":"https:\/\/ruthmann.de\/fr\/wp-json\/wp\/v2\/posts\/4198\/revisions\/4204"}],"wp:featuredmedia":[{"embeddable":true,"href":"https:\/\/ruthmann.de\/fr\/wp-json\/wp\/v2\/media\/4200"}],"wp:attachment":[{"href":"https:\/\/ruthmann.de\/fr\/wp-json\/wp\/v2\/media?parent=4198"}],"wp:term":[{"taxonomy":"category","embeddable":true,"href":"https:\/\/ruthmann.de\/fr\/wp-json\/wp\/v2\/categories?post=4198"},{"taxonomy":"post_tag","embeddable":true,"href":"https:\/\/ruthmann.de\/fr\/wp-json\/wp\/v2\/tags?post=4198"}],"curies":[{"name":"wp","href":"https:\/\/api.w.org\/{rel}","templated":true}]}}