{"id":4295,"date":"2023-11-16T13:04:00","date_gmt":"2023-11-16T13:04:00","guid":{"rendered":"https:\/\/ruthmann.de\/la-nacelle-elevatrice-tractable-niftylift-120-tet-soutient-lentreprise-de-peinture-seidl-gmbh\/"},"modified":"2026-04-30T09:43:20","modified_gmt":"2026-04-30T09:43:20","slug":"la-nacelle-elevatrice-tractable-niftylift-120-tet-soutient-lentreprise-de-peinture-seidl-gmbh","status":"publish","type":"post","link":"https:\/\/ruthmann.de\/fr\/la-nacelle-elevatrice-tractable-niftylift-120-tet-soutient-lentreprise-de-peinture-seidl-gmbh\/","title":{"rendered":"La nacelle \u00e9l\u00e9vatrice tractable NiftyLift 120 TET soutient l&rsquo;entreprise de peinture Seidl GmbH"},"content":{"rendered":"\n<p>En tant que distributeur officiel des nacelles \u00e9l\u00e9vatrices NiftyLift, Ruthmann GmbH Autriche a r\u00e9cemment remis la nacelle \u00e9l\u00e9vatrice tractable NiftyLift 120 TET, la plus vendue au monde, \u00e0 Malerei Seidl GmbH.<\/p>\n\n<p>La NiftyLift 120 TET est l\u00e9g\u00e8re et compacte et dispose de commandes faciles \u00e0 utiliser. Cette nacelle \u00e9l\u00e9vatrice tractable nous permet d&rsquo;atteindre une hauteur de travail de 12,20 m\u00e8tres et une port\u00e9e lat\u00e9rale de 6,10 m\u00e8tres. Avec une capacit\u00e9 de levage en nacelle de 200 kg et un poids propre d&rsquo;environ 1.400 kg, la nacelle \u00e9l\u00e9vatrice tractable NiftyLift est dans une classe \u00e0 part. <\/p>\n\n<p>La municipalit\u00e9 de Hartberg s&rsquo;est enrichie d&rsquo;une nouvelle entreprise il y a 5 ans.<br\/>2018, la \u00ab\u00a0Malerei Seidl GmbH\u00a0\u00bb a ouvert ses portes \u00e0 Hartberg, Ring 23. Avec 30 ans d&rsquo;exp\u00e9rience dans la peinture, G\u00fcnther Seidl a d\u00e9cid\u00e9 de se mettre \u00e0 son compte. Il est assist\u00e9 par sa fille et ma\u00eetre peintre Lisa-Maria Seidl. Qu&rsquo;il s&rsquo;agisse de peinture int\u00e9rieure ou de fa\u00e7ades ext\u00e9rieures, de peinture sur bois, d&rsquo;animation des murs ou de tapisserie : Sous la devise \u00ab\u00a0Nous peignons vos souhaits\u00a0\u00bb, le duo donne un coup de neuf aux b\u00e2timents et aux fa\u00e7ades.  <\/p>\n\n<p>RUTHMANN GmbH Autriche souhaite \u00e0 Malerei Seidl beaucoup de succ\u00e8s avec sa r\u00e9alisation et le remercie de sa confiance.<\/p>\n","protected":false},"excerpt":{"rendered":"<p>En tant que distributeur officiel des nacelles \u00e9l\u00e9vatrices NiftyLift, Ruthmann GmbH Autriche a r\u00e9cemment remis la nacelle \u00e9l\u00e9vatrice tractable NiftyLift 120 TET, la plus vendue au monde, \u00e0 Malerei Seidl GmbH. La NiftyLift 120 TET est l\u00e9g\u00e8re et compacte et dispose de commandes faciles \u00e0 utiliser. Cette nacelle \u00e9l\u00e9vatrice tractable nous permet d&rsquo;atteindre une hauteur [&hellip;]<\/p>\n","protected":false},"author":3,"featured_media":4297,"comment_status":"open","ping_status":"open","sticky":false,"template":"","format":"standard","meta":{"_acf_changed":false,"footnotes":""},"categories":[132],"tags":[],"class_list":["post-4295","post","type-post","status-publish","format-standard","has-post-thumbnail","hentry","category-non-classe"],"acf":[],"_links":{"self":[{"href":"https:\/\/ruthmann.de\/fr\/wp-json\/wp\/v2\/posts\/4295","targetHints":{"allow":["GET"]}}],"collection":[{"href":"https:\/\/ruthmann.de\/fr\/wp-json\/wp\/v2\/posts"}],"about":[{"href":"https:\/\/ruthmann.de\/fr\/wp-json\/wp\/v2\/types\/post"}],"author":[{"embeddable":true,"href":"https:\/\/ruthmann.de\/fr\/wp-json\/wp\/v2\/users\/3"}],"replies":[{"embeddable":true,"href":"https:\/\/ruthmann.de\/fr\/wp-json\/wp\/v2\/comments?post=4295"}],"version-history":[{"count":2,"href":"https:\/\/ruthmann.de\/fr\/wp-json\/wp\/v2\/posts\/4295\/revisions"}],"predecessor-version":[{"id":4301,"href":"https:\/\/ruthmann.de\/fr\/wp-json\/wp\/v2\/posts\/4295\/revisions\/4301"}],"wp:featuredmedia":[{"embeddable":true,"href":"https:\/\/ruthmann.de\/fr\/wp-json\/wp\/v2\/media\/4297"}],"wp:attachment":[{"href":"https:\/\/ruthmann.de\/fr\/wp-json\/wp\/v2\/media?parent=4295"}],"wp:term":[{"taxonomy":"category","embeddable":true,"href":"https:\/\/ruthmann.de\/fr\/wp-json\/wp\/v2\/categories?post=4295"},{"taxonomy":"post_tag","embeddable":true,"href":"https:\/\/ruthmann.de\/fr\/wp-json\/wp\/v2\/tags?post=4295"}],"curies":[{"name":"wp","href":"https:\/\/api.w.org\/{rel}","templated":true}]}}