{"id":4370,"date":"2024-04-08T09:50:07","date_gmt":"2024-04-08T09:50:07","guid":{"rendered":"https:\/\/ruthmann.de\/eichenauer-kaelte-und-klimatechnik-se-rejouit-de-lacquisition-dun-ruthmann-bluelift-sa-18\/"},"modified":"2026-04-30T09:43:42","modified_gmt":"2026-04-30T09:43:42","slug":"eichenauer-kaelte-und-klimatechnik-se-rejouit-de-lacquisition-dun-ruthmann-bluelift-sa-18","status":"publish","type":"post","link":"https:\/\/ruthmann.de\/fr\/eichenauer-kaelte-und-klimatechnik-se-rejouit-de-lacquisition-dun-ruthmann-bluelift-sa-18\/","title":{"rendered":"Eichenauer K\u00e4lte- und Klimatechnik se r\u00e9jouit de l&rsquo;acquisition d&rsquo;un RUTHMANN BLUELIFT SA 18"},"content":{"rendered":"\n<p>La nacelle \u00e9l\u00e9vatrice sur chenilles BLUELIFT SA 18 est id\u00e9ale pour les espaces restreints. Avec une largeur et une hauteur de passage minimales de 0,78 m x 1,99 m et une longueur totale de 3,75 m, la SA 18 est extr\u00eamement compacte. La nacelle offre une port\u00e9e de 9,3 m et une hauteur de travail de 17,8 m. Elle convient parfaitement \u00e0 un large \u00e9ventail d&rsquo;activit\u00e9s.  <\/p>\n\n<p>La nacelle \u00e9l\u00e9vatrice automotrice sur chenilles BLUELIFT est r\u00e9put\u00e9e pour sa technologie avanc\u00e9e, son faible poids, ses performances \u00e9lev\u00e9es et ses dimensions compactes. Gr\u00e2ce \u00e0 sa grande stabilit\u00e9, la SA 18 convient parfaitement aux travaux d&rsquo;int\u00e9rieur et d&rsquo;ext\u00e9rieur. <\/p>\n\n<p>Depuis le 01.04.1993, Eichenauer K\u00e4ltetechnik existe avec succ\u00e8s dans le domaine de la r\u00e9frig\u00e9ration et de la climatisation. Ils r\u00e9alisent le package complet du froid pour des applications exigeantes dans le secteur alimentaire et dans la r\u00e9frig\u00e9ration des locaux. La taille moyenne de l&rsquo;entreprise permet une flexibilit\u00e9 et une proximit\u00e9 avec le client tout en offrant un grand potentiel de performance.  <\/p>\n\n<h4 class=\"wp-block-heading\">Nous souhaitons \u00e0 Eichenauer Klima- und K\u00e4ltetechnik beaucoup de plaisir et de succ\u00e8s avec leur nouvelle nacelle \u00e9l\u00e9vatrice sur chenilles BLUELIFT de RUTHMANN.<\/h4>\n\n<p><\/p>\n","protected":false},"excerpt":{"rendered":"<p>La nacelle \u00e9l\u00e9vatrice sur chenilles BLUELIFT SA 18 est id\u00e9ale pour les espaces restreints. Avec une largeur et une hauteur de passage minimales de 0,78 m x 1,99 m et une longueur totale de 3,75 m, la SA 18 est extr\u00eamement compacte. La nacelle offre une port\u00e9e de 9,3 m et une hauteur de travail [&hellip;]<\/p>\n","protected":false},"author":3,"featured_media":4371,"comment_status":"open","ping_status":"open","sticky":false,"template":"","format":"standard","meta":{"_acf_changed":false,"footnotes":""},"categories":[132],"tags":[213,186],"class_list":["post-4370","post","type-post","status-publish","format-standard","has-post-thumbnail","hentry","category-non-classe","tag-bluelift","tag-ruthmann"],"acf":[],"_links":{"self":[{"href":"https:\/\/ruthmann.de\/fr\/wp-json\/wp\/v2\/posts\/4370","targetHints":{"allow":["GET"]}}],"collection":[{"href":"https:\/\/ruthmann.de\/fr\/wp-json\/wp\/v2\/posts"}],"about":[{"href":"https:\/\/ruthmann.de\/fr\/wp-json\/wp\/v2\/types\/post"}],"author":[{"embeddable":true,"href":"https:\/\/ruthmann.de\/fr\/wp-json\/wp\/v2\/users\/3"}],"replies":[{"embeddable":true,"href":"https:\/\/ruthmann.de\/fr\/wp-json\/wp\/v2\/comments?post=4370"}],"version-history":[{"count":2,"href":"https:\/\/ruthmann.de\/fr\/wp-json\/wp\/v2\/posts\/4370\/revisions"}],"predecessor-version":[{"id":4374,"href":"https:\/\/ruthmann.de\/fr\/wp-json\/wp\/v2\/posts\/4370\/revisions\/4374"}],"wp:featuredmedia":[{"embeddable":true,"href":"https:\/\/ruthmann.de\/fr\/wp-json\/wp\/v2\/media\/4371"}],"wp:attachment":[{"href":"https:\/\/ruthmann.de\/fr\/wp-json\/wp\/v2\/media?parent=4370"}],"wp:term":[{"taxonomy":"category","embeddable":true,"href":"https:\/\/ruthmann.de\/fr\/wp-json\/wp\/v2\/categories?post=4370"},{"taxonomy":"post_tag","embeddable":true,"href":"https:\/\/ruthmann.de\/fr\/wp-json\/wp\/v2\/tags?post=4370"}],"curies":[{"name":"wp","href":"https:\/\/api.w.org\/{rel}","templated":true}]}}