{"id":4373,"date":"2023-12-04T12:44:00","date_gmt":"2023-12-04T12:44:00","guid":{"rendered":"https:\/\/ruthmann.de\/guenter-vaalbrock-met-fin-a-sa-formation-apres-21-ans\/"},"modified":"2026-04-30T09:43:42","modified_gmt":"2026-04-30T09:43:42","slug":"guenter-vaalbrock-met-fin-a-sa-formation-apres-21-ans","status":"publish","type":"post","link":"https:\/\/ruthmann.de\/fr\/guenter-vaalbrock-met-fin-a-sa-formation-apres-21-ans\/","title":{"rendered":"G\u00fcnter Vaalbrock met fin \u00e0 sa formation apr\u00e8s 21 ans"},"content":{"rendered":"\n<p>La surprise est r\u00e9ussie : 110 des 154 PROFESSIONNELS DE DEMAIN form\u00e9s par G\u00fcnter Vaalbrock sont venus organiser une f\u00eate surprise pour lui.<\/p>\n\n<p><strong>Apr\u00e8s presque 45 ans d&rsquo;anciennet\u00e9, dont 21 ans en tant que responsable de la formation de nos PROFESSIONNELS commerciaux de MORGEN \u00e0 l&rsquo;usine de Gescher, G\u00fcnter Vaalbrock a pris sa retraite en d\u00e9cembre 2022. Il a transmis son r\u00f4le de formateur \u00e0 Jan Schering. <\/strong><\/p>\n\n<p>Depuis, 154 PROFESSIONNELS de MORGEN ont \u00e9t\u00e9 form\u00e9s dans l&rsquo;atelier d&rsquo;apprentissage dans les domaines de la m\u00e9canique industrielle, de la m\u00e9catronique, de la m\u00e9canique des proc\u00e9d\u00e9s pour les techniques de rev\u00eatement et de la conception technique de produits. Beaucoup d&rsquo;entre eux ont ensuite pass\u00e9 leur examen IHK avec mention \u00ab\u00a0tr\u00e8s bien\u00a0\u00bb.<\/p>\n\n<p><strong>Le grand merci final<\/strong><\/p>\n\n<p>Le contact avec les PROFESSIONNELS de MORGEN a toujours \u00e9t\u00e9 respectueux et amical. C&rsquo;est pourquoi 110 des 154 PROFESSIONNELS de MORGEN ont fait le d\u00e9placement pour offrir \u00e0 G\u00fcnter Vaalbrock un adieu inoubliable en f\u00e9vrier de cette ann\u00e9e. Il savait qu&rsquo;il y aurait une petite f\u00eate avec les PROFIS actuels de DEMAIN, mais que presque tous ses PROFIS de DEMAIN viendraient l&rsquo;a laiss\u00e9 sans voix et il \u00e9tait profond\u00e9ment \u00e9mu.  <\/p>\n\n<p><strong>La formation continue<\/strong><\/p>\n\n<p>Bien entendu, G\u00fcnter ne pense pas \u00e0 une v\u00e9ritable \u00ab\u00a0retraite\u00a0\u00bb, la \u00ab\u00a0formation\u00a0\u00bb continue : en tant que membre du comit\u00e9 d&rsquo;examen de la Chambre de commerce et d&rsquo;industrie et avec son chiot \u00ab\u00a0Fino\u00a0\u00bb, qui a encore beaucoup \u00e0 apprendre. Pour finir, il ne fallait pas oublier le traditionnel cigare de G\u00fcnter, qu&rsquo;il s&rsquo;offre toujours pour les grandes occasions. <\/p>\n\n<div class=\"wp-block-columns is-layout-flex wp-container-core-columns-is-layout-28f84493 wp-block-columns-is-layout-flex\">\n<div class=\"wp-block-column is-layout-flow wp-block-column-is-layout-flow\">\n<figure class=\"wp-block-image size-full\"><img fetchpriority=\"high\" decoding=\"async\" width=\"924\" height=\"693\" src=\"https:\/\/ruthmann.de\/wp-content\/uploads\/2025\/05\/Jan-Schering-und-Guenter-Vaalbrock.png\" alt=\"\" class=\"wp-image-1827\" srcset=\"https:\/\/ruthmann.de\/wp-content\/uploads\/2025\/05\/Jan-Schering-und-Guenter-Vaalbrock.png 924w, https:\/\/ruthmann.de\/wp-content\/uploads\/2025\/05\/Jan-Schering-und-Guenter-Vaalbrock-300x225.png 300w, https:\/\/ruthmann.de\/wp-content\/uploads\/2025\/05\/Jan-Schering-und-Guenter-Vaalbrock-768x576.png 768w\" sizes=\"(max-width: 924px) 100vw, 924px\" \/><\/figure>\n<\/div>\n\n\n\n<div class=\"wp-block-column is-layout-flow wp-block-column-is-layout-flow\">\n<figure class=\"wp-block-image size-full\"><img decoding=\"async\" width=\"924\" height=\"693\" src=\"https:\/\/ruthmann.de\/wp-content\/uploads\/2025\/05\/Guenther-Vaalbrock-mit-der-Personalabteilung.jpeg\" alt=\"\" class=\"wp-image-1828\" srcset=\"https:\/\/ruthmann.de\/wp-content\/uploads\/2025\/05\/Guenther-Vaalbrock-mit-der-Personalabteilung.jpeg 924w, https:\/\/ruthmann.de\/wp-content\/uploads\/2025\/05\/Guenther-Vaalbrock-mit-der-Personalabteilung-300x225.jpeg 300w, https:\/\/ruthmann.de\/wp-content\/uploads\/2025\/05\/Guenther-Vaalbrock-mit-der-Personalabteilung-768x576.jpeg 768w\" sizes=\"(max-width: 924px) 100vw, 924px\" \/><\/figure>\n<\/div>\n<\/div>\n\n<div class=\"wp-block-columns is-layout-flex wp-container-core-columns-is-layout-28f84493 wp-block-columns-is-layout-flex\">\n<div class=\"wp-block-column is-layout-flow wp-block-column-is-layout-flow\">\n<p><em>Des traces importantes : G\u00fcnter Vaalbrock (\u00e0 gauche) transmet son poste de formateur dans le secteur industriel \u00e0 Jan Schering, qui a rejoint RUTHMANN en 2017.<\/em><\/p>\n<\/div>\n\n\n\n<div class=\"wp-block-column is-layout-flow wp-block-column-is-layout-flow\">\n<p><em>Le service des ressources humaines a pris le relais au comptoir et a fait la f\u00eate avec Guenther Vaalbrock.<\/em><\/p>\n<\/div>\n<\/div>\n\n<p><strong>G\u00fcnter laisse de grandes traces<\/strong><\/p>\n\n<p>Depuis l&rsquo;automne dernier, Jan Schering s&rsquo;est familiaris\u00e9 avec les t\u00e2ches de formateur dans le domaine commercial, afin que la formation sur le site ne soit pas seulement maintenue au niveau actuel, mais orient\u00e9e vers l&rsquo;avenir.<\/p>\n\n<p>Jan Schering travaille avec succ\u00e8s chez RUTHMANN depuis le 1er octobre 2017 en tant que chef de fabrication de la pr\u00e9fabrication \/ atelier de soudage et a \u00e9galement pris la direction de l&rsquo;\u00e9quipe de pr\u00e9paration des v\u00e9hicules depuis le 1er ao\u00fbt 2018 &#8211; il conna\u00eet donc parfaitement l&rsquo;entreprise.<\/p>\n\n<p>\u00ab\u00a0En occupant la fonction de formateur dans le secteur industriel, je marche sur les traces de G\u00fcnter Vaalbrock. C&rsquo;est un honneur pour moi d&rsquo;accompagner les PROFESSIONNELS de DEMAIN. Ils sont l&rsquo;avenir de RUTHMANN. Je me r\u00e9jouis de cette mission et de grandir avec les jeunes professionnels\u00a0\u00bb, d\u00e9clare Jan Schering \u00e0 propos du nouveau d\u00e9fi qui l&rsquo;attend.<\/p>\n\n<p>Nous remercions chaleureusement G\u00fcnter Vaalbrock pour son engagement sans faille et souhaitons la bienvenue \u00e0 Jan Schering, nouveau formateur dans le domaine commercial.<\/p>\n","protected":false},"excerpt":{"rendered":"<p>La surprise est r\u00e9ussie : 110 des 154 PROFESSIONNELS DE DEMAIN form\u00e9s par G\u00fcnter Vaalbrock sont venus organiser une f\u00eate surprise pour lui. Apr\u00e8s presque 45 ans d&rsquo;anciennet\u00e9, dont 21 ans en tant que responsable de la formation de nos PROFESSIONNELS commerciaux de MORGEN \u00e0 l&rsquo;usine de Gescher, G\u00fcnter Vaalbrock a pris sa retraite en [&hellip;]<\/p>\n","protected":false},"author":3,"featured_media":4375,"comment_status":"open","ping_status":"open","sticky":false,"template":"","format":"standard","meta":{"_acf_changed":false,"footnotes":""},"categories":[132],"tags":[],"class_list":["post-4373","post","type-post","status-publish","format-standard","has-post-thumbnail","hentry","category-non-classe"],"acf":[],"_links":{"self":[{"href":"https:\/\/ruthmann.de\/fr\/wp-json\/wp\/v2\/posts\/4373","targetHints":{"allow":["GET"]}}],"collection":[{"href":"https:\/\/ruthmann.de\/fr\/wp-json\/wp\/v2\/posts"}],"about":[{"href":"https:\/\/ruthmann.de\/fr\/wp-json\/wp\/v2\/types\/post"}],"author":[{"embeddable":true,"href":"https:\/\/ruthmann.de\/fr\/wp-json\/wp\/v2\/users\/3"}],"replies":[{"embeddable":true,"href":"https:\/\/ruthmann.de\/fr\/wp-json\/wp\/v2\/comments?post=4373"}],"version-history":[{"count":2,"href":"https:\/\/ruthmann.de\/fr\/wp-json\/wp\/v2\/posts\/4373\/revisions"}],"predecessor-version":[{"id":4377,"href":"https:\/\/ruthmann.de\/fr\/wp-json\/wp\/v2\/posts\/4373\/revisions\/4377"}],"wp:featuredmedia":[{"embeddable":true,"href":"https:\/\/ruthmann.de\/fr\/wp-json\/wp\/v2\/media\/4375"}],"wp:attachment":[{"href":"https:\/\/ruthmann.de\/fr\/wp-json\/wp\/v2\/media?parent=4373"}],"wp:term":[{"taxonomy":"category","embeddable":true,"href":"https:\/\/ruthmann.de\/fr\/wp-json\/wp\/v2\/categories?post=4373"},{"taxonomy":"post_tag","embeddable":true,"href":"https:\/\/ruthmann.de\/fr\/wp-json\/wp\/v2\/tags?post=4373"}],"curies":[{"name":"wp","href":"https:\/\/api.w.org\/{rel}","templated":true}]}}