{"id":4445,"date":"2024-03-19T10:17:54","date_gmt":"2024-03-19T10:17:54","guid":{"rendered":"https:\/\/ruthmann.de\/premier-ruthmann-steiger-t-700-hf-en-espagne-pour-gruas-romani\/"},"modified":"2026-04-30T09:43:57","modified_gmt":"2026-04-30T09:43:57","slug":"premier-ruthmann-steiger-t-700-hf-en-espagne-pour-gruas-romani","status":"publish","type":"post","link":"https:\/\/ruthmann.de\/fr\/premier-ruthmann-steiger-t-700-hf-en-espagne-pour-gruas-romani\/","title":{"rendered":"Premier RUTHMANN STEIGER\u00ae T 700 HF en Espagne pour GR\u00daAS ROMAN\u00cd"},"content":{"rendered":"\n<p>GR\u00daAS ROMAN\u00cd fait l?acquisition du premier <strong>RUTHMANN <\/strong>STEIGER\u00ae<strong> T 700 HF<\/strong> livr\u00e9 en Espagne. Avec la mise en service de ce nouvel appareil, GR\u00daAS ROMAN\u00cd \u00e9largit son portefeuille de nacelles RUTHMANN. <\/p>\n\n<p>L&rsquo;entreprise espagnole, qui a plus de 50 ans d&rsquo;exp\u00e9rience dans le secteur, propose des services de location de mat\u00e9riel de construction. Depuis 2014, les plates-formes \u00e9l\u00e9vatrices en font partie. Actuellement, sa flotte de nacelles \u00e9l\u00e9vatrices comprend des machines de 37 \u00e0 75 m\u00e8tres de hauteur.  <\/p>\n\n<div class=\"wp-block-columns is-layout-flex wp-container-core-columns-is-layout-28f84493 wp-block-columns-is-layout-flex\">\n<div class=\"wp-block-column is-layout-flow wp-block-column-is-layout-flow\">\n<figure class=\"wp-block-image\"><a class=\"download\" href=\"https:\/\/www.ruthmann.de\/sites\/default\/files\/2024-01\/Gruas_Romani_T_700HF_von_unten_2.jpg\" target=\"_blank\" rel=\"noreferrer noopener\"><img decoding=\"async\" src=\"https:\/\/www.ruthmann.de\/sites\/default\/files\/styles\/content\/public\/2024-01\/Gruas_Romani_T_700HF_von_unten_2.jpg?itok=Ee7r6yyX\" alt=\"GR&#xDA;AS ROMAN&#xCD; T 700 HF Vue de dessous\"\/><\/a><\/figure>\n<\/div>\n\n\n\n<div class=\"wp-block-column is-layout-flow wp-block-column-is-layout-flow\">\n<p>Le <strong>RUTHMANN <\/strong>STEIGER\u00ae<strong> T 700 HF<\/strong> est une nacelle \u00e9l\u00e9vatrice sur camion de 70 m\u00e8tres avec un ch\u00e2ssis compact de seulement 11,99 m pour travailler dans des espaces restreints. Elle ne n\u00e9cessite pas d?autorisation sp\u00e9ciale pour circuler sur la voie publique, car sa longueur ne d\u00e9passe pas 12 m\u00e8tres. <\/p>\n\n\n\n<p>Le STEIGER\u00ae est \u00e9quip\u00e9 d&rsquo;une triple fl\u00e8che extra-longue de 24,6 m et atteint une port\u00e9e lat\u00e9rale de 41 m\u00e8tres. La charge maximale du panier est de 600 kg. <\/p>\n\n\n\n<p>La technologie High-Flex (HF) du <strong>RUTHMANN <\/strong>STEIGER\u00ae<strong> T 700 HF<\/strong> permet une flexibilit\u00e9 up, over and back.<\/p>\n\n\n\n<p>Fort d&rsquo;une longue exp\u00e9rience dans diff\u00e9rents secteurs industriels, GR\u00daAS ROMAN\u00cd a s\u00e9lectionn\u00e9 une large gamme d&rsquo;\u00e9quipements pour cette machine, dont le syst\u00e8me Lift-up, une commande \u00e0 distance proportionnelle pour le levage de charges. La machine est \u00e9galement \u00e9quip\u00e9e du syst\u00e8me DRS, qui calcule les donn\u00e9es de performance en temps r\u00e9el, telles que la charge du panier ou encore la position de la fl\u00e8che, afin d&rsquo;obtenir le maximum de donn\u00e9es de performance de la machine.   <\/p>\n<\/div>\n<\/div>\n\n<p>Le <strong>RUTHMANN <\/strong>STEIGER\u00ae<strong> T 700 HF<\/strong> est une nacelle \u00e9l\u00e9vatrice sur camion de 70 m\u00e8tres avec un ch\u00e2ssis compact de seulement 11,99 m pour travailler dans des espaces restreints. Elle ne n\u00e9cessite pas d?autorisation sp\u00e9ciale pour circuler sur la voie publique, car sa longueur ne d\u00e9passe pas 12 m\u00e8tres. <\/p>\n\n<p>Le STEIGER\u00ae est \u00e9quip\u00e9 d&rsquo;une triple fl\u00e8che extra-longue de 24,6 m et atteint une port\u00e9e lat\u00e9rale de 41 m\u00e8tres. La charge maximale du panier est de 600 kg. <\/p>\n\n<p>La technologie High-Flex (HF) du <strong>RUTHMANN <\/strong>STEIGER\u00ae<strong> T 700 HF<\/strong> permet une flexibilit\u00e9 up, over and back.<\/p>\n\n<p>Fort d&rsquo;une longue exp\u00e9rience dans diff\u00e9rents secteurs industriels, GR\u00daAS ROMAN\u00cd a s\u00e9lectionn\u00e9 une large gamme d&rsquo;\u00e9quipements pour cette machine, dont le syst\u00e8me Lift-up, une commande \u00e0 distance proportionnelle pour le levage de charges. La machine est \u00e9galement \u00e9quip\u00e9e du syst\u00e8me DRS, qui calcule les donn\u00e9es de performance en temps r\u00e9el, telles que la charge du panier ou encore la position de la fl\u00e8che, afin d&rsquo;obtenir le maximum de donn\u00e9es de performance de la machine.   <\/p>\n\n<p>Le processus de sp\u00e9cification et de configuration de la machine sur mesure a \u00e9t\u00e9 accompagn\u00e9 par les techniciens de AMCO Machinery &amp; Consulting &#8211; le concessionnaire officiel de Ruthmann en Espagne. Comme d?habitude chez RUTHMANN et AMCO, des formations compl\u00e8tes sur des aspects essentiels tels que l?utilisation, la s\u00e9curit\u00e9, l?entretien et la maintenance ont \u00e9t\u00e9 organis\u00e9es pendant la livraison du STEIGER\u00ae. <\/p>\n\n<figure class=\"wp-block-image\"><a class=\"download\" href=\"https:\/\/www.ruthmann.de\/sites\/default\/files\/2024-01\/Gruas_Romani_T_700HF_von_oben_0.jpg\" target=\"_blank\" rel=\"noreferrer noopener\"><img decoding=\"async\" src=\"https:\/\/www.ruthmann.de\/sites\/default\/files\/styles\/content\/public\/2024-01\/Gruas_Romani_T_700HF_von_oben_0.jpg?itok=hlu3v4GK\" alt=\"GR&#xDA;AS ROMAN&#xCD; T 700 HF Vue d'en haut\"\/><\/a><figcaption class=\"wp-element-caption\">Travailler en hauteur &#8211; les professionnels de GR\u00daAS ROMAN\u00cd ont une longue exp\u00e9rience.<\/figcaption><\/figure>\n\n<p>GR\u00daAS ROMAN\u00cd dispose d&rsquo;une \u00e9quipe de collaborateurs form\u00e9s et qualifi\u00e9s, dot\u00e9s d&rsquo;une longue exp\u00e9rience. Gr\u00e2ce \u00e0 sa vaste flotte de grues, de plates-formes \u00e9l\u00e9vatrices et d&rsquo;\u00e9quipements de transport, GR\u00daAS ROMAN\u00cd sert ses clients dans de nombreux secteurs, tels que l&rsquo;industrie, le b\u00e2timent et les travaux publics, ainsi que le secteur de l&rsquo;\u00e9nergie \u00e9olienne. <\/p>\n\n<h2 class=\"wp-block-heading\">Nous souhaitons \u00e0 GR\u00daAS ROMAN\u00cd beaucoup de succ\u00e8s avec sa nouvelle nacelle \u00e9l\u00e9vatrice sur camion !<\/h2>\n\n<p><\/p>\n","protected":false},"excerpt":{"rendered":"<p>GR\u00daAS ROMAN\u00cd fait l?acquisition du premier RUTHMANN STEIGER\u00ae T 700 HF livr\u00e9 en Espagne. Avec la mise en service de ce nouvel appareil, GR\u00daAS ROMAN\u00cd \u00e9largit son portefeuille de nacelles RUTHMANN. L&rsquo;entreprise espagnole, qui a plus de 50 ans d&rsquo;exp\u00e9rience dans le secteur, propose des services de location de mat\u00e9riel de construction. Depuis 2014, les [&hellip;]<\/p>\n","protected":false},"author":3,"featured_media":4446,"comment_status":"open","ping_status":"open","sticky":false,"template":"","format":"standard","meta":{"_acf_changed":false,"footnotes":""},"categories":[132],"tags":[],"class_list":["post-4445","post","type-post","status-publish","format-standard","has-post-thumbnail","hentry","category-non-classe"],"acf":[],"_links":{"self":[{"href":"https:\/\/ruthmann.de\/fr\/wp-json\/wp\/v2\/posts\/4445","targetHints":{"allow":["GET"]}}],"collection":[{"href":"https:\/\/ruthmann.de\/fr\/wp-json\/wp\/v2\/posts"}],"about":[{"href":"https:\/\/ruthmann.de\/fr\/wp-json\/wp\/v2\/types\/post"}],"author":[{"embeddable":true,"href":"https:\/\/ruthmann.de\/fr\/wp-json\/wp\/v2\/users\/3"}],"replies":[{"embeddable":true,"href":"https:\/\/ruthmann.de\/fr\/wp-json\/wp\/v2\/comments?post=4445"}],"version-history":[{"count":2,"href":"https:\/\/ruthmann.de\/fr\/wp-json\/wp\/v2\/posts\/4445\/revisions"}],"predecessor-version":[{"id":4448,"href":"https:\/\/ruthmann.de\/fr\/wp-json\/wp\/v2\/posts\/4445\/revisions\/4448"}],"wp:featuredmedia":[{"embeddable":true,"href":"https:\/\/ruthmann.de\/fr\/wp-json\/wp\/v2\/media\/4446"}],"wp:attachment":[{"href":"https:\/\/ruthmann.de\/fr\/wp-json\/wp\/v2\/media?parent=4445"}],"wp:term":[{"taxonomy":"category","embeddable":true,"href":"https:\/\/ruthmann.de\/fr\/wp-json\/wp\/v2\/categories?post=4445"},{"taxonomy":"post_tag","embeddable":true,"href":"https:\/\/ruthmann.de\/fr\/wp-json\/wp\/v2\/tags?post=4445"}],"curies":[{"name":"wp","href":"https:\/\/api.w.org\/{rel}","templated":true}]}}