{"id":4496,"date":"2024-05-08T07:07:49","date_gmt":"2024-05-08T07:07:49","guid":{"rendered":"https:\/\/ruthmann.de\/ruthmann-a-lifat-2024-a-munich\/"},"modified":"2026-04-30T09:44:06","modified_gmt":"2026-04-30T09:44:06","slug":"ruthmann-a-lifat-2024-a-munich","status":"publish","type":"post","link":"https:\/\/ruthmann.de\/fr\/ruthmann-a-lifat-2024-a-munich\/","title":{"rendered":"RUTHMANN \u00e0 l&rsquo;IFAT 2024 \u00e0 Munich"},"content":{"rendered":"\n<p>Du <strong>13 au 17 mai 2024<\/strong>, nous serons \u00e0 nouveau pr\u00e9sents en tant qu&rsquo;exposants au salon <strong>IFAT de Munich<\/strong>. Venez nous rendre visite au salon leader mondial de la gestion de l&rsquo;eau, des eaux us\u00e9es, des d\u00e9chets et des mati\u00e8res premi\u00e8res. <\/p>\n\n<p>Vous nous trouverez en plein air au <strong>stand : FM 810\/19<\/strong><\/p>\n\n<p>Nous vous invitons \u00e0 nous rendre visite au salon IFAT de Munich cette ann\u00e9e pour d\u00e9couvrir nos derni\u00e8res innovations en mati\u00e8re d&rsquo;acc\u00e8s en hauteur.<\/p>\n\n<p>Qu&rsquo;il s&rsquo;agisse de l&rsquo;entretien des arbres dans les parcs publics ou de la maintenance et de l&rsquo;installation de l&rsquo;\u00e9clairage public, nous proposons des solutions sur mesure aux municipalit\u00e9s et aux fournisseurs d&rsquo;\u00e9nergie en Allemagne et \u00e0 l&rsquo;international.<\/p>\n\n<h1 class=\"wp-block-heading\">Premi\u00e8re : premier STEIGER enti\u00e8rement \u00e9lectrique sur un ch\u00e2ssis de s\u00e9rie<\/h1>\n\n<figure class=\"wp-block-image\"><a class=\"download\" href=\"https:\/\/www.ruthmann.de\/sites\/default\/files\/2024-05\/Ruthmann_Ampero-TBR-260_blueimpact_100_procent_electric.png\" target=\"_blank\" rel=\"noreferrer noopener\"><img decoding=\"async\" src=\"https:\/\/www.ruthmann.de\/sites\/default\/files\/styles\/content\/public\/2024-05\/Ruthmann_Ampero-TBR-260_blueimpact_100_procent_electric.png?itok=o-05qC5V\" alt=\"RUTHMANN STEIGER Ampero\"\/><\/a><\/figure>\n\n<p>Venez nous rendre visite sur place pour d\u00e9couvrir le premier <strong>RUTHMANN Ampero TBR 260 E enti\u00e8rement \u00e9lectrique<\/strong> sur le <strong>ch\u00e2ssis de s\u00e9rie IVECO e-Daily<\/strong>. Cet E-STEIGER AMPERO TBR 260 E unique en son genre utilise la batterie de l&rsquo;IVECO eDaily \u00e0 la fois pour la traction et pour l&rsquo;entra\u00eenement du STEIGER\u00ae. Avec un fonctionnement silencieux et sans \u00e9mission de gaz, il offre une hauteur de travail de 26 m et une port\u00e9e de 17 m &#8211; plus que son pr\u00e9d\u00e9cesseur, le STEIGER\u00ae Ampero TBR 250 E.  <\/p>\n\n<h1 class=\"wp-block-heading\">VERSALIFT V-200<\/h1>\n\n<figure class=\"wp-block-image\"><a class=\"download\" href=\"https:\/\/www.ruthmann.de\/sites\/default\/files\/2024-05\/VERSALIFT_V-200_Park_52312%20-%20V-200%20_1144_OM.jpg\" target=\"_blank\" rel=\"noreferrer noopener\"><img decoding=\"async\" src=\"https:\/\/www.ruthmann.de\/sites\/default\/files\/styles\/content\/public\/2024-05\/VERSALIFT_V-200_Park_52312%20-%20V-200%20_1144_OM.jpg?itok=sq_XiE3Y\" alt=\"VERSALIFT V-200 Plate-forme de travail pour l'&#xE9;lagage des arbres\"\/><\/a><\/figure>\n\n<p>Nous pr\u00e9senterons \u00e9galement la <strong>VERSALIFT\u00ae V-200<\/strong>, une puissante nacelle t\u00e9lescopique mont\u00e9e sur un Iveco Daily de 3,5 tonnes avec un empattement court pour une man\u0153uvrabilit\u00e9 optimale. Avec une hauteur de travail maximale de 19,9 m\u00e8tres et une port\u00e9e horizontale de 14 m\u00e8tres, elle est extr\u00eamement puissante et peut accueillir deux personnes dans la nacelle. <\/p>\n\n<h1 class=\"wp-block-heading\">VERSALIFT VTL-145-F<\/h1>\n\n<figure class=\"wp-block-image\"><a class=\"download\" href=\"https:\/\/www.ruthmann.de\/sites\/default\/files\/2024-05\/VERSALIFT_VTL-145.JPG\" target=\"_blank\" rel=\"noreferrer noopener\"><img decoding=\"async\" src=\"https:\/\/www.ruthmann.de\/sites\/default\/files\/styles\/content\/public\/2024-05\/VERSALIFT_VTL-145.JPG?itok=vT-oDRlw\" alt=\"VERSALIFT VTL-145\"\/><\/a><\/figure>\n\n<p>Le VERSALIFT VTL-145-F sur Mercedes-Benz Sprinter sera \u00e9galement pr\u00e9sent\u00e9 au salon. Avec une hauteur de travail de 14,6 m et une port\u00e9e de 8,6 m, elle offre une stabilit\u00e9 suppl\u00e9mentaire pour des conditions de travail fluides et stables. <\/p>\n\n<h3 class=\"wp-block-heading\">Nous serons ravis de vous accueillir sur notre stand et de vous pr\u00e9senter plus en d\u00e9tail nos nacelles.<\/h3>\n","protected":false},"excerpt":{"rendered":"<p>Du 13 au 17 mai 2024, nous serons \u00e0 nouveau pr\u00e9sents en tant qu&rsquo;exposants au salon IFAT de Munich. Venez nous rendre visite au salon leader mondial de la gestion de l&rsquo;eau, des eaux us\u00e9es, des d\u00e9chets et des mati\u00e8res premi\u00e8res. Vous nous trouverez en plein air au stand : FM 810\/19 Nous vous invitons [&hellip;]<\/p>\n","protected":false},"author":3,"featured_media":4498,"comment_status":"open","ping_status":"open","sticky":false,"template":"","format":"standard","meta":{"_acf_changed":false,"footnotes":""},"categories":[132],"tags":[],"class_list":["post-4496","post","type-post","status-publish","format-standard","has-post-thumbnail","hentry","category-non-classe"],"acf":[],"_links":{"self":[{"href":"https:\/\/ruthmann.de\/fr\/wp-json\/wp\/v2\/posts\/4496","targetHints":{"allow":["GET"]}}],"collection":[{"href":"https:\/\/ruthmann.de\/fr\/wp-json\/wp\/v2\/posts"}],"about":[{"href":"https:\/\/ruthmann.de\/fr\/wp-json\/wp\/v2\/types\/post"}],"author":[{"embeddable":true,"href":"https:\/\/ruthmann.de\/fr\/wp-json\/wp\/v2\/users\/3"}],"replies":[{"embeddable":true,"href":"https:\/\/ruthmann.de\/fr\/wp-json\/wp\/v2\/comments?post=4496"}],"version-history":[{"count":2,"href":"https:\/\/ruthmann.de\/fr\/wp-json\/wp\/v2\/posts\/4496\/revisions"}],"predecessor-version":[{"id":4506,"href":"https:\/\/ruthmann.de\/fr\/wp-json\/wp\/v2\/posts\/4496\/revisions\/4506"}],"wp:featuredmedia":[{"embeddable":true,"href":"https:\/\/ruthmann.de\/fr\/wp-json\/wp\/v2\/media\/4498"}],"wp:attachment":[{"href":"https:\/\/ruthmann.de\/fr\/wp-json\/wp\/v2\/media?parent=4496"}],"wp:term":[{"taxonomy":"category","embeddable":true,"href":"https:\/\/ruthmann.de\/fr\/wp-json\/wp\/v2\/categories?post=4496"},{"taxonomy":"post_tag","embeddable":true,"href":"https:\/\/ruthmann.de\/fr\/wp-json\/wp\/v2\/tags?post=4496"}],"curies":[{"name":"wp","href":"https:\/\/api.w.org\/{rel}","templated":true}]}}