{"id":4497,"date":"2024-02-26T11:20:00","date_gmt":"2024-02-26T11:20:00","guid":{"rendered":"https:\/\/ruthmann.de\/le-ruthmann-steiger-avec-sa-plateforme-de-travail-speciale-avec-plate-forme-exterieure-permet-de-nouveaux-champs-dapplication-jusqua-65-m-de-hauteur-de-travail\/"},"modified":"2026-04-30T09:44:06","modified_gmt":"2026-04-30T09:44:06","slug":"le-ruthmann-steiger-avec-sa-plateforme-de-travail-speciale-avec-plate-forme-exterieure-permet-de-nouveaux-champs-dapplication-jusqua-65-m-de-hauteur-de-travail","status":"publish","type":"post","link":"https:\/\/ruthmann.de\/fr\/le-ruthmann-steiger-avec-sa-plateforme-de-travail-speciale-avec-plate-forme-exterieure-permet-de-nouveaux-champs-dapplication-jusqua-65-m-de-hauteur-de-travail\/","title":{"rendered":"Le RUTHMANN STEIGER\u00ae avec sa plateforme de travail sp\u00e9ciale avec plate-forme ext\u00e9rieure permet de nouveaux champs d?application jusqu?\u00e0 65 m de hauteur de travail."},"content":{"rendered":"\n<p>Le <strong>RUTHMANN <\/strong>STEIGER\u00ae <strong>T 650 HF<\/strong> est unique en son genre. Il est utilis\u00e9 par la soci\u00e9t\u00e9 de location de nacelles AIRNACE en Suisse. Une plateforme de travail est fix\u00e9e \u00e0 l?ext\u00e9rieur de sa nacelle. Ainsi, cette nacelle sp\u00e9ciale de 65 m sur camion peut parfaitement \u00eatre utilis\u00e9e pour des travaux sur les toits ou pour le montage d&rsquo;installations photovolta\u00efques jusqu&rsquo;\u00e0 65 m de hauteur. Avec la plate-forme ext\u00e9rieure mont\u00e9e, qui peut supporter une charge de 200 kg, la charge totale de la nacelle peut encore atteindre 460 kg. Sans la plate-forme ext\u00e9rieure, la charge maximale de la nacelle est de 590 kg, comme pour la nacelle standard. La nacelle sp\u00e9ciale, combin\u00e9e avec la technique HighFlex <strong>de RUTHMANN<\/strong>, ouvre de nombreux nouveaux champs d?application qui n?\u00e9taient pas accessibles jusqu?\u00e0 pr\u00e9sent sous cette forme.     <\/p>\n\n<div class=\"wp-block-columns is-layout-flex wp-container-core-columns-is-layout-28f84493 wp-block-columns-is-layout-flex\">\n<div class=\"wp-block-column is-layout-flow wp-block-column-is-layout-flow\" style=\"flex-basis:33.33%\">\n<p>Le <strong>T 650 HF<\/strong> sp\u00e9cialement pr\u00e9par\u00e9, avec sa plate-forme d\u00e9pliable de 58 cm de large \u00e0 l&rsquo;ext\u00e9rieur de la nacelle, a re\u00e7u l&rsquo;approbation de type de l&rsquo;UE. La nacelle peut toujours \u00eatre utilis\u00e9e normalement et \u00eatre t\u00e9lescop\u00e9e jusqu&rsquo;\u00e0 une largeur de 3,82 m\u00e8tres. Les bords de la plate-forme ext\u00e9rieure sont prot\u00e9g\u00e9s par des \u00e9l\u00e9ments en plastique, ce qui permet \u00e0 la nacelle de s&rsquo;approcher au plus pr\u00e8s de l&rsquo;objet. L?op\u00e9rateur est attach\u00e9 \u00e0 la nacelle par un EPI et a un acc\u00e8s total \u00e0 l?objet sans que les montants de la nacelle n?obstruent la vue ou ne le g\u00eanent dans son travail. Pendant ce temps, l?op\u00e9rateur du STEIGER\u00ae peut fournir du mat\u00e9riel depuis la nacelle ou aider l?ouvrier sur la surface de travail ext\u00e9rieure. En fonction de la port\u00e9e, l?op\u00e9rateur dispose d?une capacit\u00e9 suppl\u00e9mentaire de 300 kg dans la nacelle pour le mat\u00e9riel de montage.     <\/p>\n<\/div>\n\n\n\n<div class=\"wp-block-column is-layout-flow wp-block-column-is-layout-flow\" style=\"flex-basis:66.66%\">\n<figure class=\"wp-block-image size-full\"><img decoding=\"async\" src=\"https:\/\/ruthmann.de\/wp-content\/uploads\/2025\/05\/STEIGER&#xAE;_T650_HF_-Frontansicht_2-1.jpg\" alt=\"\" class=\"wp-image-1729\"\/><\/figure>\n\n\n\n<p><em>Avec sa plateforme ext\u00e9rieure, le RUTHMANN STEIGER\u00ae T 650 HF homologu\u00e9 EU atteint une hauteur de travail de 65 m et peut \u00eatre utilis\u00e9 par exemple pour des r\u00e9parations de toitures ou le montage de panneaux photovolta\u00efques en hauteur.<\/em><\/p>\n<\/div>\n<\/div>\n\n<p>Sans plate-forme ext\u00e9rieure, avec une charge maximale de 590 kg, le STEIGER\u00ae <strong>T 650 HF<\/strong> atteint une port\u00e9e lat\u00e9rale de 36 m, et jusqu?\u00e0 43 m avec une charge de panier plus faible. Cela permet, entre autres, de r\u00e9aliser facilement des travaux de r\u00e9paration sur des clochers d?\u00e9glise ou des b\u00e2timents plus importants.<\/p>\n\n<div class=\"wp-block-columns is-layout-flex wp-container-core-columns-is-layout-28f84493 wp-block-columns-is-layout-flex\">\n<div class=\"wp-block-column is-layout-flow wp-block-column-is-layout-flow\">\n<figure class=\"wp-block-image size-full\"><img decoding=\"async\" src=\"http:\/\/ruthmann.de\/wp-content\/uploads\/2025\/05\/STEIGER&#xAE;_T650_HF_Arbeiten_am_Dach_Korb_von_oben__0.jpg\" alt=\"\" class=\"wp-image-1725\"\/><\/figure>\n<\/div>\n\n\n\n<div class=\"wp-block-column is-layout-flow wp-block-column-is-layout-flow\">\n<figure class=\"wp-block-image size-full\"><img decoding=\"async\" src=\"http:\/\/ruthmann.de\/wp-content\/uploads\/2025\/05\/STEIGER&#xAE;_T650_HF_von_oben.jpg\" alt=\"\" class=\"wp-image-1724\"\/><\/figure>\n<\/div>\n<\/div>\n\n<div class=\"wp-block-columns is-layout-flex wp-container-core-columns-is-layout-28f84493 wp-block-columns-is-layout-flex\">\n<div class=\"wp-block-column is-layout-flow wp-block-column-is-layout-flow\">\n<p><em>La surface de travail avanc\u00e9e devant la nacelle permet \u00e0 l&rsquo;ouvrier prot\u00e9g\u00e9 par des EPI de travailler directement sur l&rsquo;objet sans que les entretoises de la nacelle ne le g\u00eanent. Des \u00e9l\u00e9ments en plastique sur le bord inf\u00e9rieur prot\u00e8gent l&rsquo;objet contre les dommages. <\/em><\/p>\n<\/div>\n\n\n\n<div class=\"wp-block-column is-layout-flow wp-block-column-is-layout-flow\">\n<p><em>Jusqu?\u00e0 43 m de port\u00e9e sont possibles avec le RUTHMANN STEIGER\u00ae T 650 HF. La machine surpasse ainsi les solutions comparables avec une plateforme ext\u00e9rieure sur la base d?un chariot t\u00e9lescopique. <\/em><\/p>\n<\/div>\n<\/div>\n\n<p>Mais ce n?est pas seulement la hauteur de travail et la port\u00e9e qui font de l?ombre au chariot t\u00e9lescopique. Gr\u00e2ce \u00e0 la technologie HighFlex <strong>de RUTHMANN <\/strong>, il est \u00e9galement possible de travailler au-dessus d?un b\u00e2timent, par exemple sur des surfaces de toit \u00e0 l?arri\u00e8re qui ne sont pas accessibles depuis l?arri\u00e8re du b\u00e2timent.   <\/p>\n\n<p>AIRNACE est enthousiaste quant aux nouvelles possibilit\u00e9s offertes par la nacelle dans la pratique et appr\u00e9cie le potentiel de la nacelle t\u00e9lescopique.<\/p>\n\n<figure class=\"wp-block-image\"><img decoding=\"async\" src=\"https:\/\/www.ruthmann.de\/sites\/default\/files\/styles\/content\/public\/2024-02\/STEIGER%C2%AE_T650_HF_Arbeiten_am_Dach_Ansicht_von_unten_3.jpg?itok=A4L1HaSA\" alt=\"T 650 HF Travaux sur le toit\"\/><\/figure>\n\n<p><\/p>\n","protected":false},"excerpt":{"rendered":"<p>Le RUTHMANN STEIGER\u00ae T 650 HF est unique en son genre. Il est utilis\u00e9 par la soci\u00e9t\u00e9 de location de nacelles AIRNACE en Suisse. Une plateforme de travail est fix\u00e9e \u00e0 l?ext\u00e9rieur de sa nacelle. Ainsi, cette nacelle sp\u00e9ciale de 65 m sur camion peut parfaitement \u00eatre utilis\u00e9e pour des travaux sur les toits ou [&hellip;]<\/p>\n","protected":false},"author":3,"featured_media":4503,"comment_status":"open","ping_status":"open","sticky":false,"template":"","format":"standard","meta":{"_acf_changed":false,"footnotes":""},"categories":[132],"tags":[],"class_list":["post-4497","post","type-post","status-publish","format-standard","has-post-thumbnail","hentry","category-non-classe"],"acf":[],"_links":{"self":[{"href":"https:\/\/ruthmann.de\/fr\/wp-json\/wp\/v2\/posts\/4497","targetHints":{"allow":["GET"]}}],"collection":[{"href":"https:\/\/ruthmann.de\/fr\/wp-json\/wp\/v2\/posts"}],"about":[{"href":"https:\/\/ruthmann.de\/fr\/wp-json\/wp\/v2\/types\/post"}],"author":[{"embeddable":true,"href":"https:\/\/ruthmann.de\/fr\/wp-json\/wp\/v2\/users\/3"}],"replies":[{"embeddable":true,"href":"https:\/\/ruthmann.de\/fr\/wp-json\/wp\/v2\/comments?post=4497"}],"version-history":[{"count":2,"href":"https:\/\/ruthmann.de\/fr\/wp-json\/wp\/v2\/posts\/4497\/revisions"}],"predecessor-version":[{"id":4507,"href":"https:\/\/ruthmann.de\/fr\/wp-json\/wp\/v2\/posts\/4497\/revisions\/4507"}],"wp:featuredmedia":[{"embeddable":true,"href":"https:\/\/ruthmann.de\/fr\/wp-json\/wp\/v2\/media\/4503"}],"wp:attachment":[{"href":"https:\/\/ruthmann.de\/fr\/wp-json\/wp\/v2\/media?parent=4497"}],"wp:term":[{"taxonomy":"category","embeddable":true,"href":"https:\/\/ruthmann.de\/fr\/wp-json\/wp\/v2\/categories?post=4497"},{"taxonomy":"post_tag","embeddable":true,"href":"https:\/\/ruthmann.de\/fr\/wp-json\/wp\/v2\/tags?post=4497"}],"curies":[{"name":"wp","href":"https:\/\/api.w.org\/{rel}","templated":true}]}}