{"id":4513,"date":"2024-05-24T06:55:59","date_gmt":"2024-05-24T06:55:59","guid":{"rendered":"https:\/\/ruthmann.de\/retrospective-du-salon-journees-allemandes-de-larboriculture-2024-ruthmann-presente-des-nacelles-innovantes\/"},"modified":"2026-04-30T09:44:08","modified_gmt":"2026-04-30T09:44:08","slug":"retrospective-du-salon-journees-allemandes-de-larboriculture-2024-ruthmann-presente-des-nacelles-innovantes","status":"publish","type":"post","link":"https:\/\/ruthmann.de\/fr\/retrospective-du-salon-journees-allemandes-de-larboriculture-2024-ruthmann-presente-des-nacelles-innovantes\/","title":{"rendered":"R\u00e9trospective du salon : Journ\u00e9es allemandes de l&rsquo;arboriculture 2024 &#8211; RUTHMANN pr\u00e9sente des nacelles innovantes"},"content":{"rendered":"\n<p>Les journ\u00e9es allemandes de l&rsquo;arboriculture de cette ann\u00e9e ont une fois de plus offert une excellente plateforme aux entreprises leaders du secteur pour pr\u00e9senter leurs derniers produits et technologies. Parmi les nombreux exposants, le fabricant de nacelles \u00e9l\u00e9vatrices RUTHMANN a suscit\u00e9 un int\u00e9r\u00eat particulier. L&rsquo;entreprise a profit\u00e9 de l&rsquo;occasion pour pr\u00e9senter ses nacelles \u00e9l\u00e9vatrices de pointe, sp\u00e9cialement con\u00e7ues pour r\u00e9pondre aux exigences de l&rsquo;entretien des arbres.  <\/p>\n\n<h3 class=\"wp-block-heading\"><strong>RUTHMANN <\/strong>STEIGER\u00ae <strong>T 300 XS<\/strong><\/h3>\n\n<div class=\"wp-block-columns is-layout-flex wp-container-core-columns-is-layout-28f84493 wp-block-columns-is-layout-flex\">\n<div class=\"wp-block-column is-layout-flow wp-block-column-is-layout-flow\">\n<p>L&rsquo;un des points forts du stand Ruthmann \u00e9tait le STEIGER\u00ae T 300 XS. Cette nacelle a impressionn\u00e9 par sa conception compacte et ses performances exceptionnelles. Avec une longueur totale du v\u00e9hicule de seulement 7,59 m\u00e8tres, la T 300 XS est la nacelle \u00e9l\u00e9vatrice de 30 m\u00e8tres la plus compacte sur un ch\u00e2ssis de 7,49 tonnes actuellement disponible sur le march\u00e9. Cette longueur r\u00e9duite permet une \u00e9norme maniabilit\u00e9, un avantage inestimable dans le domaine de l&rsquo;\u00e9lagage, o\u00f9 l&rsquo;espace est souvent restreint.   <\/p>\n\n\n\n<p>La nacelle offre une port\u00e9e impressionnante de 23 m\u00e8tres, ce qui lui permet de couvrir une large zone de travail sans avoir \u00e0 repositionner le v\u00e9hicule. Cela permet de gagner du temps et d&rsquo;augmenter consid\u00e9rablement l&rsquo;efficacit\u00e9 des op\u00e9rations d&rsquo;\u00e9lagage. La combinaison d&rsquo;une taille compacte, d&rsquo;une grande port\u00e9e et d&rsquo;une grande stabilit\u00e9 fait du STEIGER T 300 XS l&rsquo;outil id\u00e9al pour les travaux d&rsquo;\u00e9lagage exigeants.  <\/p>\n<\/div>\n\n\n\n<div class=\"wp-block-column is-layout-flow wp-block-column-is-layout-flow\">\n<figure class=\"wp-block-gallery has-nested-images columns-2 is-cropped wp-block-gallery-1 is-layout-flex wp-block-gallery-is-layout-flex\">\n<figure class=\"wp-block-image size-large\"><img fetchpriority=\"high\" decoding=\"async\" width=\"768\" height=\"1024\" data-id=\"1628\" src=\"https:\/\/ruthmann.de\/wp-content\/uploads\/2025\/04\/Baumpflegetage_2024_T_300_XS_RUTHMANN-768x1024.jpg\" alt=\"\" class=\"wp-image-1628\" srcset=\"https:\/\/ruthmann.de\/wp-content\/uploads\/2025\/04\/Baumpflegetage_2024_T_300_XS_RUTHMANN-768x1024.jpg 768w, https:\/\/ruthmann.de\/wp-content\/uploads\/2025\/04\/Baumpflegetage_2024_T_300_XS_RUTHMANN-225x300.jpg 225w, https:\/\/ruthmann.de\/wp-content\/uploads\/2025\/04\/Baumpflegetage_2024_T_300_XS_RUTHMANN.jpg 924w\" sizes=\"(max-width: 768px) 100vw, 768px\" \/><\/figure>\n\n\n\n<figure class=\"wp-block-image size-large\"><img decoding=\"async\" width=\"924\" height=\"616\" data-id=\"1627\" src=\"https:\/\/ruthmann.de\/wp-content\/uploads\/2025\/04\/RUTHMANN_STEIGER_T_300_XS_01_1.jpg\" alt=\"\" class=\"wp-image-1627\" srcset=\"https:\/\/ruthmann.de\/wp-content\/uploads\/2025\/04\/RUTHMANN_STEIGER_T_300_XS_01_1.jpg 924w, https:\/\/ruthmann.de\/wp-content\/uploads\/2025\/04\/RUTHMANN_STEIGER_T_300_XS_01_1-300x200.jpg 300w, https:\/\/ruthmann.de\/wp-content\/uploads\/2025\/04\/RUTHMANN_STEIGER_T_300_XS_01_1-768x512.jpg 768w\" sizes=\"(max-width: 924px) 100vw, 924px\" \/><\/figure>\n\n\n\n<figure class=\"wp-block-image size-large\"><img decoding=\"async\" width=\"924\" height=\"616\" data-id=\"1626\" src=\"https:\/\/ruthmann.de\/wp-content\/uploads\/2025\/04\/RUTHMANN_STEIGER_T_300_XS_02_0.jpg\" alt=\"\" class=\"wp-image-1626\" srcset=\"https:\/\/ruthmann.de\/wp-content\/uploads\/2025\/04\/RUTHMANN_STEIGER_T_300_XS_02_0.jpg 924w, https:\/\/ruthmann.de\/wp-content\/uploads\/2025\/04\/RUTHMANN_STEIGER_T_300_XS_02_0-300x200.jpg 300w, https:\/\/ruthmann.de\/wp-content\/uploads\/2025\/04\/RUTHMANN_STEIGER_T_300_XS_02_0-768x512.jpg 768w\" sizes=\"(max-width: 924px) 100vw, 924px\" \/><\/figure>\n\n\n\n<figure class=\"wp-block-image size-large\"><img loading=\"lazy\" decoding=\"async\" width=\"683\" height=\"1024\" data-id=\"1625\" src=\"https:\/\/ruthmann.de\/wp-content\/uploads\/2025\/04\/RUTHMANN_STEIGER_T_300_XS_05_0-683x1024.jpg\" alt=\"\" class=\"wp-image-1625\" srcset=\"https:\/\/ruthmann.de\/wp-content\/uploads\/2025\/04\/RUTHMANN_STEIGER_T_300_XS_05_0-683x1024.jpg 683w, https:\/\/ruthmann.de\/wp-content\/uploads\/2025\/04\/RUTHMANN_STEIGER_T_300_XS_05_0-200x300.jpg 200w, https:\/\/ruthmann.de\/wp-content\/uploads\/2025\/04\/RUTHMANN_STEIGER_T_300_XS_05_0-768x1152.jpg 768w, https:\/\/ruthmann.de\/wp-content\/uploads\/2025\/04\/RUTHMANN_STEIGER_T_300_XS_05_0.jpg 924w\" sizes=\"(max-width: 683px) 100vw, 683px\" \/><\/figure>\n<\/figure>\n<\/div>\n<\/div>\n\n<div class=\"wp-block-columns is-layout-flex wp-container-core-columns-is-layout-28f84493 wp-block-columns-is-layout-flex\">\n<div class=\"wp-block-column is-layout-flow wp-block-column-is-layout-flow\">\n<figure class=\"wp-block-gallery has-nested-images columns-default is-cropped wp-block-gallery-2 is-layout-flex wp-block-gallery-is-layout-flex\">\n<figure class=\"wp-block-image size-large\"><img loading=\"lazy\" decoding=\"async\" width=\"768\" height=\"1024\" data-id=\"1632\" src=\"https:\/\/ruthmann.de\/wp-content\/uploads\/2025\/04\/RUTHMANN_BLUELIFT_ST_31_Friedhof_Baumpflege-768x1024.jpg\" alt=\"\" class=\"wp-image-1632\" srcset=\"https:\/\/ruthmann.de\/wp-content\/uploads\/2025\/04\/RUTHMANN_BLUELIFT_ST_31_Friedhof_Baumpflege-768x1024.jpg 768w, https:\/\/ruthmann.de\/wp-content\/uploads\/2025\/04\/RUTHMANN_BLUELIFT_ST_31_Friedhof_Baumpflege-225x300.jpg 225w, https:\/\/ruthmann.de\/wp-content\/uploads\/2025\/04\/RUTHMANN_BLUELIFT_ST_31_Friedhof_Baumpflege.jpg 924w\" sizes=\"(max-width: 768px) 100vw, 768px\" \/><\/figure>\n\n\n\n<figure class=\"wp-block-image size-large\"><img loading=\"lazy\" decoding=\"async\" width=\"924\" height=\"693\" data-id=\"1631\" src=\"https:\/\/ruthmann.de\/wp-content\/uploads\/2025\/04\/RUTHMANN_BLUELIFT_ST_31_Raupenarbeitsbuehne_Deutsche_Baumpflegetage_2024_0.jpg\" alt=\"\" class=\"wp-image-1631\" srcset=\"https:\/\/ruthmann.de\/wp-content\/uploads\/2025\/04\/RUTHMANN_BLUELIFT_ST_31_Raupenarbeitsbuehne_Deutsche_Baumpflegetage_2024_0.jpg 924w, https:\/\/ruthmann.de\/wp-content\/uploads\/2025\/04\/RUTHMANN_BLUELIFT_ST_31_Raupenarbeitsbuehne_Deutsche_Baumpflegetage_2024_0-300x225.jpg 300w, https:\/\/ruthmann.de\/wp-content\/uploads\/2025\/04\/RUTHMANN_BLUELIFT_ST_31_Raupenarbeitsbuehne_Deutsche_Baumpflegetage_2024_0-768x576.jpg 768w\" sizes=\"(max-width: 924px) 100vw, 924px\" \/><\/figure>\n<\/figure>\n\n\n\n<figure class=\"wp-block-image size-large\"><img loading=\"lazy\" decoding=\"async\" width=\"924\" height=\"653\" src=\"https:\/\/ruthmann.de\/wp-content\/uploads\/2025\/04\/Titel_BLUELIFT_schwarz_beschriftet_DSCF5752-1.jpeg\" alt=\"\" class=\"wp-image-1630\" srcset=\"https:\/\/ruthmann.de\/wp-content\/uploads\/2025\/04\/Titel_BLUELIFT_schwarz_beschriftet_DSCF5752-1.jpeg 924w, https:\/\/ruthmann.de\/wp-content\/uploads\/2025\/04\/Titel_BLUELIFT_schwarz_beschriftet_DSCF5752-1-300x212.jpeg 300w, https:\/\/ruthmann.de\/wp-content\/uploads\/2025\/04\/Titel_BLUELIFT_schwarz_beschriftet_DSCF5752-1-768x543.jpeg 768w\" sizes=\"(max-width: 924px) 100vw, 924px\" \/><\/figure>\n<\/div>\n\n\n\n<div class=\"wp-block-column is-layout-flow wp-block-column-is-layout-flow\">\n<p>Un autre point fort \u00e9tait la<strong> RUTHMANN<\/strong> BLUELIFT<strong> ST 31<\/strong>, une nacelle compacte sur chenilles qui peut \u00eatre utilis\u00e9e de mani\u00e8re polyvalente. Avec une hauteur de travail impressionnante de 31 m\u00e8tres et une port\u00e9e lat\u00e9rale de 18 m\u00e8tres pour une charge de panier de 100 kilogrammes, la BLUELIFT ST 31 \u00e9tablit de nouveaux standards dans sa cat\u00e9gorie. Avec une charge de panier accrue de 400 kilogrammes, la port\u00e9e est toujours de 14 m\u00e8tres, ce qui est remarquable.  <\/p>\n\n\n\n<p>Cette nacelle \u00e9l\u00e9vatrice sur chenilles combine la technologie STEIGER\u00ae \u00e9prouv\u00e9e du segment haut de gamme avec un puissant ch\u00e2ssis sur chenilles optimis\u00e9 pour les terrains difficiles et les espaces restreints. La combinaison du syst\u00e8me de portage et de t\u00e9lescopage du STEIGER\u00aes T 330 avec le ch\u00e2ssis sur chenilles fait de la BLUELIFT ST 31 une nacelle extr\u00eamement polyvalente et robuste qui peut \u00eatre utilis\u00e9e dans de nombreux domaines de l&rsquo;\u00e9lagage et au-del\u00e0. <\/p>\n<\/div>\n<\/div>\n\n<h1 class=\"wp-block-heading\">Conclusion<\/h1>\n\n<p>La pr\u00e9sentation de RUTHMANN aux Journ\u00e9es Allemandes de l?Entretien des Arbres 2024 a montr\u00e9 de mani\u00e8re impressionnante comment l?entreprise d\u00e9veloppe continuellement des solutions innovantes pour r\u00e9pondre aux d\u00e9fis de l?entretien des arbres. Aussi bien le STEIGER\u00ae T 300 XS que la BLUELIFT ST 31 illustrent l?engagement de Ruthmann pour la qualit\u00e9, la s\u00e9curit\u00e9 et l?efficacit\u00e9. Ces nacelles compactes et puissantes offrent une assistance professionnelle et fiable \u00e0 tous ceux qui travaillent dans l&rsquo;\u00e9lagage. Les Journ\u00e9es allemandes de l&rsquo;entretien des arbres 2024 ont donc \u00e9t\u00e9 une nouvelle fois un \u00e9v\u00e9nement pr\u00e9cieux pour d\u00e9couvrir les derniers d\u00e9veloppements et technologies du secteur.   <\/p>\n","protected":false},"excerpt":{"rendered":"<p>Les journ\u00e9es allemandes de l&rsquo;arboriculture de cette ann\u00e9e ont une fois de plus offert une excellente plateforme aux entreprises leaders du secteur pour pr\u00e9senter leurs derniers produits et technologies. Parmi les nombreux exposants, le fabricant de nacelles \u00e9l\u00e9vatrices RUTHMANN a suscit\u00e9 un int\u00e9r\u00eat particulier. L&rsquo;entreprise a profit\u00e9 de l&rsquo;occasion pour pr\u00e9senter ses nacelles \u00e9l\u00e9vatrices de [&hellip;]<\/p>\n","protected":false},"author":3,"featured_media":4514,"comment_status":"open","ping_status":"open","sticky":false,"template":"","format":"standard","meta":{"_acf_changed":false,"footnotes":""},"categories":[132],"tags":[],"class_list":["post-4513","post","type-post","status-publish","format-standard","has-post-thumbnail","hentry","category-non-classe"],"acf":[],"_links":{"self":[{"href":"https:\/\/ruthmann.de\/fr\/wp-json\/wp\/v2\/posts\/4513","targetHints":{"allow":["GET"]}}],"collection":[{"href":"https:\/\/ruthmann.de\/fr\/wp-json\/wp\/v2\/posts"}],"about":[{"href":"https:\/\/ruthmann.de\/fr\/wp-json\/wp\/v2\/types\/post"}],"author":[{"embeddable":true,"href":"https:\/\/ruthmann.de\/fr\/wp-json\/wp\/v2\/users\/3"}],"replies":[{"embeddable":true,"href":"https:\/\/ruthmann.de\/fr\/wp-json\/wp\/v2\/comments?post=4513"}],"version-history":[{"count":2,"href":"https:\/\/ruthmann.de\/fr\/wp-json\/wp\/v2\/posts\/4513\/revisions"}],"predecessor-version":[{"id":4516,"href":"https:\/\/ruthmann.de\/fr\/wp-json\/wp\/v2\/posts\/4513\/revisions\/4516"}],"wp:featuredmedia":[{"embeddable":true,"href":"https:\/\/ruthmann.de\/fr\/wp-json\/wp\/v2\/media\/4514"}],"wp:attachment":[{"href":"https:\/\/ruthmann.de\/fr\/wp-json\/wp\/v2\/media?parent=4513"}],"wp:term":[{"taxonomy":"category","embeddable":true,"href":"https:\/\/ruthmann.de\/fr\/wp-json\/wp\/v2\/categories?post=4513"},{"taxonomy":"post_tag","embeddable":true,"href":"https:\/\/ruthmann.de\/fr\/wp-json\/wp\/v2\/tags?post=4513"}],"curies":[{"name":"wp","href":"https:\/\/api.w.org\/{rel}","templated":true}]}}