{"id":4529,"date":"2024-05-23T07:03:33","date_gmt":"2024-05-23T07:03:33","guid":{"rendered":"https:\/\/ruthmann.de\/la-nacelle-elevatrice-tractable-niftylift-120-tet-soutient-wessely-elektrotechnik\/"},"modified":"2026-04-30T09:44:09","modified_gmt":"2026-04-30T09:44:09","slug":"la-nacelle-elevatrice-tractable-niftylift-120-tet-soutient-wessely-elektrotechnik","status":"publish","type":"post","link":"https:\/\/ruthmann.de\/fr\/la-nacelle-elevatrice-tractable-niftylift-120-tet-soutient-wessely-elektrotechnik\/","title":{"rendered":"La nacelle \u00e9l\u00e9vatrice tractable NiftyLift 120 TET soutient Wessely-Elektrotechnik"},"content":{"rendered":"\n<p>En tant que distributeur officiel des nacelles \u00e9l\u00e9vatrices NiftyLift, Ruthmann GmbH Autriche a r\u00e9cemment remis la nacelle \u00e9l\u00e9vatrice tractable NiftyLift 120 TET, la plus vendue au monde, \u00e0 la soci\u00e9t\u00e9 Wessely-Elektrotechnik OG.<\/p>\n\n<p>La NiftyLift 120 TET est l\u00e9g\u00e8re et compacte et dispose de commandes faciles \u00e0 utiliser. Cette nacelle \u00e9l\u00e9vatrice tractable nous permet d&rsquo;atteindre une hauteur de travail de 12,20 m\u00e8tres et une port\u00e9e lat\u00e9rale de 6,10 m\u00e8tres. Avec une capacit\u00e9 de levage en nacelle de 200 kg et un poids propre d&rsquo;environ 1.400 kg, la nacelle \u00e9l\u00e9vatrice tractable NiftyLift est dans une classe \u00e0 part. <\/p>\n\n<p>RUTHMANN GmbH Autriche souhaite \u00e0 M. Christian Wessely beaucoup de succ\u00e8s avec sa r\u00e9alisation et le remercie de sa confiance. <\/p>\n\n<figure class=\"wp-block-image size-full\"><img fetchpriority=\"high\" decoding=\"async\" width=\"924\" height=\"693\" src=\"https:\/\/ruthmann.de\/wp-content\/uploads\/2025\/04\/NL120TET_Produktfoto_0.jpg\" alt=\"\" class=\"wp-image-1637\" srcset=\"https:\/\/ruthmann.de\/wp-content\/uploads\/2025\/04\/NL120TET_Produktfoto_0.jpg 924w, https:\/\/ruthmann.de\/wp-content\/uploads\/2025\/04\/NL120TET_Produktfoto_0-300x225.jpg 300w, https:\/\/ruthmann.de\/wp-content\/uploads\/2025\/04\/NL120TET_Produktfoto_0-768x576.jpg 768w\" sizes=\"(max-width: 924px) 100vw, 924px\" \/><\/figure>\n","protected":false},"excerpt":{"rendered":"<p>En tant que distributeur officiel des nacelles \u00e9l\u00e9vatrices NiftyLift, Ruthmann GmbH Autriche a r\u00e9cemment remis la nacelle \u00e9l\u00e9vatrice tractable NiftyLift 120 TET, la plus vendue au monde, \u00e0 la soci\u00e9t\u00e9 Wessely-Elektrotechnik OG. La NiftyLift 120 TET est l\u00e9g\u00e8re et compacte et dispose de commandes faciles \u00e0 utiliser. Cette nacelle \u00e9l\u00e9vatrice tractable nous permet d&rsquo;atteindre une [&hellip;]<\/p>\n","protected":false},"author":3,"featured_media":4530,"comment_status":"open","ping_status":"open","sticky":false,"template":"","format":"standard","meta":{"_acf_changed":false,"footnotes":""},"categories":[132],"tags":[],"class_list":["post-4529","post","type-post","status-publish","format-standard","has-post-thumbnail","hentry","category-non-classe"],"acf":[],"_links":{"self":[{"href":"https:\/\/ruthmann.de\/fr\/wp-json\/wp\/v2\/posts\/4529","targetHints":{"allow":["GET"]}}],"collection":[{"href":"https:\/\/ruthmann.de\/fr\/wp-json\/wp\/v2\/posts"}],"about":[{"href":"https:\/\/ruthmann.de\/fr\/wp-json\/wp\/v2\/types\/post"}],"author":[{"embeddable":true,"href":"https:\/\/ruthmann.de\/fr\/wp-json\/wp\/v2\/users\/3"}],"replies":[{"embeddable":true,"href":"https:\/\/ruthmann.de\/fr\/wp-json\/wp\/v2\/comments?post=4529"}],"version-history":[{"count":2,"href":"https:\/\/ruthmann.de\/fr\/wp-json\/wp\/v2\/posts\/4529\/revisions"}],"predecessor-version":[{"id":4532,"href":"https:\/\/ruthmann.de\/fr\/wp-json\/wp\/v2\/posts\/4529\/revisions\/4532"}],"wp:featuredmedia":[{"embeddable":true,"href":"https:\/\/ruthmann.de\/fr\/wp-json\/wp\/v2\/media\/4530"}],"wp:attachment":[{"href":"https:\/\/ruthmann.de\/fr\/wp-json\/wp\/v2\/media?parent=4529"}],"wp:term":[{"taxonomy":"category","embeddable":true,"href":"https:\/\/ruthmann.de\/fr\/wp-json\/wp\/v2\/categories?post=4529"},{"taxonomy":"post_tag","embeddable":true,"href":"https:\/\/ruthmann.de\/fr\/wp-json\/wp\/v2\/tags?post=4529"}],"curies":[{"name":"wp","href":"https:\/\/api.w.org\/{rel}","templated":true}]}}