{"id":4596,"date":"2024-12-09T11:44:40","date_gmt":"2024-12-09T11:44:40","guid":{"rendered":"https:\/\/ruthmann.de\/blueggel-krane-elargit-son-parc-de-vehicules-avec-la-nacelle-elevatrice-sur-chenilles-bluelift-sa-22\/"},"modified":"2026-04-30T09:44:52","modified_gmt":"2026-04-30T09:44:52","slug":"blueggel-krane-elargit-son-parc-de-vehicules-avec-la-nacelle-elevatrice-sur-chenilles-bluelift-sa-22","status":"publish","type":"post","link":"https:\/\/ruthmann.de\/fr\/blueggel-krane-elargit-son-parc-de-vehicules-avec-la-nacelle-elevatrice-sur-chenilles-bluelift-sa-22\/","title":{"rendered":"Bl\u00fcggel Krane \u00e9largit son parc de v\u00e9hicules avec la nacelle \u00e9l\u00e9vatrice sur chenilles BLUELIFT SA 22"},"content":{"rendered":"\n<p>La soci\u00e9t\u00e9 Bl\u00fcggel Krane d&rsquo;Eslohe, qui travaille avec succ\u00e8s depuis de nombreuses ann\u00e9es dans la location de nacelles, a r\u00e9cemment compl\u00e9t\u00e9 son parc de v\u00e9hicules par une <strong>nacelle \u00e9l\u00e9vatrice sur chenilles BLUELIFT SA 22<\/strong>, y compris la remorque correspondante. La livraison a \u00e9t\u00e9 effectu\u00e9e par RUTHMANN, dont le propri\u00e9taire Friedrich Bl\u00fcggel a toujours mis\u00e9 sur ses solutions. <\/p>\n\n<p>Le souhait de compl\u00e9ter son offre de location par une nacelle \u00e9l\u00e9vatrice compacte sur chenilles s&rsquo;est rapidement concr\u00e9tis\u00e9 pour Friedrich Bl\u00fcggel : Apr\u00e8s une visite \u00e0 l&rsquo;usine et une d\u00e9monstration de la BLUELIFT SA 22, il a \u00e9t\u00e9 imm\u00e9diatement convaincu. Il a \u00e9t\u00e9 particuli\u00e8rement impressionn\u00e9 par la <strong>vitesse de travail<\/strong> et les <strong>dimensions r\u00e9duites<\/strong> de la machine. \u00ab\u00a0Les performances et la flexibilit\u00e9 de la BLUELIFT SA 22 correspondent parfaitement \u00e0 notre offre\u00a0\u00bb, a expliqu\u00e9 Friedrich Bl\u00fcggel lors de la remise de la machine.  <\/p>\n\n<p>Gr\u00e2ce \u00e0 une collaboration efficace, la nouvelle nacelle \u00e9l\u00e9vatrice sur chenilles a pu \u00eatre <strong>livr\u00e9e une semaine plus tard<\/strong>. La <strong>BLUELIFT SA 22<\/strong> offre de nombreux avantages pour les interventions dans des environnements exigeants : <\/p>\n\n<ul class=\"wp-block-list\">\n<li><strong>22 m de hauteur de travail<\/strong><\/li>\n\n\n\n<li><strong>10,90 m Port\u00e9e lat\u00e9rale<\/strong><\/li>\n\n\n\n<li><strong>Charge maximale du panier de 250 kg<\/strong><\/li>\n\n\n\n<li><strong>Largeur de seulement 0,94 m<\/strong><\/li>\n\n\n\n<li><strong>Faible poids \u00e0 vide de 2 990 kg<\/strong><\/li>\n<\/ul>\n\n<p>La construction compacte et le faible poids rendent la BLUELIFT SA 22 id\u00e9ale pour les acc\u00e8s \u00e9troits et les sous-sols sensibles. Avec ce compl\u00e9ment, Bl\u00fcggel Krane offre maintenant \u00e0 ses clients encore plus de flexibilit\u00e9 et de possibilit\u00e9s d&rsquo;utilisation. <\/p>\n\n<p><strong>Ruthmann souhaite \u00e0 la soci\u00e9t\u00e9 Bl\u00fcggel Krane beaucoup de succ\u00e8s avec sa nouvelle machine et la remercie pour sa confiance !<\/strong><\/p>\n","protected":false},"excerpt":{"rendered":"<p>La soci\u00e9t\u00e9 Bl\u00fcggel Krane d&rsquo;Eslohe, qui travaille avec succ\u00e8s depuis de nombreuses ann\u00e9es dans la location de nacelles, a r\u00e9cemment compl\u00e9t\u00e9 son parc de v\u00e9hicules par une nacelle \u00e9l\u00e9vatrice sur chenilles BLUELIFT SA 22, y compris la remorque correspondante. La livraison a \u00e9t\u00e9 effectu\u00e9e par RUTHMANN, dont le propri\u00e9taire Friedrich Bl\u00fcggel a toujours mis\u00e9 sur [&hellip;]<\/p>\n","protected":false},"author":3,"featured_media":4597,"comment_status":"open","ping_status":"open","sticky":false,"template":"","format":"standard","meta":{"_acf_changed":false,"footnotes":""},"categories":[132],"tags":[213,215,264],"class_list":["post-4596","post","type-post","status-publish","format-standard","has-post-thumbnail","hentry","category-non-classe","tag-bluelift","tag-blueliftsa22","tag-plate-forme-de-travail-sur-chenilles"],"acf":[],"_links":{"self":[{"href":"https:\/\/ruthmann.de\/fr\/wp-json\/wp\/v2\/posts\/4596","targetHints":{"allow":["GET"]}}],"collection":[{"href":"https:\/\/ruthmann.de\/fr\/wp-json\/wp\/v2\/posts"}],"about":[{"href":"https:\/\/ruthmann.de\/fr\/wp-json\/wp\/v2\/types\/post"}],"author":[{"embeddable":true,"href":"https:\/\/ruthmann.de\/fr\/wp-json\/wp\/v2\/users\/3"}],"replies":[{"embeddable":true,"href":"https:\/\/ruthmann.de\/fr\/wp-json\/wp\/v2\/comments?post=4596"}],"version-history":[{"count":2,"href":"https:\/\/ruthmann.de\/fr\/wp-json\/wp\/v2\/posts\/4596\/revisions"}],"predecessor-version":[{"id":4599,"href":"https:\/\/ruthmann.de\/fr\/wp-json\/wp\/v2\/posts\/4596\/revisions\/4599"}],"wp:featuredmedia":[{"embeddable":true,"href":"https:\/\/ruthmann.de\/fr\/wp-json\/wp\/v2\/media\/4597"}],"wp:attachment":[{"href":"https:\/\/ruthmann.de\/fr\/wp-json\/wp\/v2\/media?parent=4596"}],"wp:term":[{"taxonomy":"category","embeddable":true,"href":"https:\/\/ruthmann.de\/fr\/wp-json\/wp\/v2\/categories?post=4596"},{"taxonomy":"post_tag","embeddable":true,"href":"https:\/\/ruthmann.de\/fr\/wp-json\/wp\/v2\/tags?post=4596"}],"curies":[{"name":"wp","href":"https:\/\/api.w.org\/{rel}","templated":true}]}}