{"id":4621,"date":"2024-11-21T11:45:37","date_gmt":"2024-11-21T11:45:37","guid":{"rendered":"https:\/\/ruthmann.de\/felbermayr-allemagne-etend-sa-flotte-de-location-avec-deux-nouveaux-steiger-t-360\/"},"modified":"2026-04-30T09:45:02","modified_gmt":"2026-04-30T09:45:02","slug":"felbermayr-allemagne-etend-sa-flotte-de-location-avec-deux-nouveaux-steiger-t-360","status":"publish","type":"post","link":"https:\/\/ruthmann.de\/fr\/felbermayr-allemagne-etend-sa-flotte-de-location-avec-deux-nouveaux-steiger-t-360\/","title":{"rendered":"FELBERMAYR Allemagne \u00e9tend sa flotte de location avec deux nouveaux STEIGER\u00ae T 360"},"content":{"rendered":"\n<p>Felbermayr Allemagne a ajout\u00e9 deux nouveaux RUTHMANN STEIGER\u00ae T 360 \u00e0 sa flotte de location. Les deux appareils offrent une hauteur de travail impressionnante de 36 m\u00e8tres et une port\u00e9e lat\u00e9rale maximale de 30,90 m\u00e8tres. Mont\u00e9s sur un ch\u00e2ssis Mercedes-Benz de 15 tonnes, ils se distinguent par une charge maximale en panier de 350 kilogrammes ainsi que par un stabilisateur enti\u00e8rement variable.  <\/p>\n\n<p>Les nouveaux STEIGER\u00ae T 360 sont d\u00e9sormais disponibles \u00e0 la location sur les sites Felbermayr de Krefeld et Hildesheim. Ils sont particuli\u00e8rement polyvalents et conviennent parfaitement aux t\u00e2ches d&rsquo;\u00e9lagage et aux services de construction. Avec cet investissement, Felbermayr Allemagne poursuit le d\u00e9veloppement de sa flotte et offre \u00e0 ses clients encore plus de flexibilit\u00e9 et de port\u00e9e.  <\/p>\n\n<p>\u00ab\u00a0Nos clients b\u00e9n\u00e9ficient de la haute performance et de la flexibilit\u00e9 des nouveaux STEIGER\u00ae T 360. Cet investissement nous permet de continuer \u00e0 d\u00e9velopper notre parc de location et de r\u00e9pondre encore mieux aux besoins de nos clients\u00a0\u00bb, d\u00e9clare Stephan Kulawik, directeur de division chez Felbermayr Allemagne. <\/p>\n\n<p>RUTHMANN remercie Felbermayr pour la confiance et la bonne coop\u00e9ration. Nous sommes heureux que nos appareils contribuent \u00e0 l?extension de la flotte de location et souhaitons que les nouveaux STEIGER\u00ae T 360 soient toujours utilis\u00e9s avec succ\u00e8s et en toute s\u00e9curit\u00e9 ! <\/p>\n","protected":false},"excerpt":{"rendered":"<p>Felbermayr Allemagne a ajout\u00e9 deux nouveaux RUTHMANN STEIGER\u00ae T 360 \u00e0 sa flotte de location. Les deux appareils offrent une hauteur de travail impressionnante de 36 m\u00e8tres et une port\u00e9e lat\u00e9rale maximale de 30,90 m\u00e8tres. Mont\u00e9s sur un ch\u00e2ssis Mercedes-Benz de 15 tonnes, ils se distinguent par une charge maximale en panier de 350 kilogrammes [&hellip;]<\/p>\n","protected":false},"author":3,"featured_media":4622,"comment_status":"open","ping_status":"open","sticky":false,"template":"","format":"standard","meta":{"_acf_changed":false,"footnotes":""},"categories":[132],"tags":[270,162,269],"class_list":["post-4621","post","type-post","status-publish","format-standard","has-post-thumbnail","hentry","category-non-classe","tag-felbermayr","tag-steiger","tag-steigert360"],"acf":[],"_links":{"self":[{"href":"https:\/\/ruthmann.de\/fr\/wp-json\/wp\/v2\/posts\/4621","targetHints":{"allow":["GET"]}}],"collection":[{"href":"https:\/\/ruthmann.de\/fr\/wp-json\/wp\/v2\/posts"}],"about":[{"href":"https:\/\/ruthmann.de\/fr\/wp-json\/wp\/v2\/types\/post"}],"author":[{"embeddable":true,"href":"https:\/\/ruthmann.de\/fr\/wp-json\/wp\/v2\/users\/3"}],"replies":[{"embeddable":true,"href":"https:\/\/ruthmann.de\/fr\/wp-json\/wp\/v2\/comments?post=4621"}],"version-history":[{"count":2,"href":"https:\/\/ruthmann.de\/fr\/wp-json\/wp\/v2\/posts\/4621\/revisions"}],"predecessor-version":[{"id":4624,"href":"https:\/\/ruthmann.de\/fr\/wp-json\/wp\/v2\/posts\/4621\/revisions\/4624"}],"wp:featuredmedia":[{"embeddable":true,"href":"https:\/\/ruthmann.de\/fr\/wp-json\/wp\/v2\/media\/4622"}],"wp:attachment":[{"href":"https:\/\/ruthmann.de\/fr\/wp-json\/wp\/v2\/media?parent=4621"}],"wp:term":[{"taxonomy":"category","embeddable":true,"href":"https:\/\/ruthmann.de\/fr\/wp-json\/wp\/v2\/categories?post=4621"},{"taxonomy":"post_tag","embeddable":true,"href":"https:\/\/ruthmann.de\/fr\/wp-json\/wp\/v2\/tags?post=4621"}],"curies":[{"name":"wp","href":"https:\/\/api.w.org\/{rel}","templated":true}]}}